{"id":6856,"date":"2014-05-29T08:16:00","date_gmt":"2014-05-29T06:16:00","guid":{"rendered":""},"modified":"2024-11-12T14:10:47","modified_gmt":"2024-11-12T13:10:47","slug":"podemos-en-ribadeo","status":"publish","type":"post","link":"https:\/\/blogs.amarinha.gal\/ribadeando\/2014\/05\/29\/podemos-en-ribadeo\/","title":{"rendered":"Podemos en Ribadeo?"},"content":{"rendered":"<p>Yes, we can! ou contestar \u00e1 pregunta &#8216;podemos?&#8217; cun &#8216;Podemos!&#8217; \u00e9 o que est\u00e1 de moda, o novo fen\u00f3meno que parece que pode asaltar calquera muro que se po\u00f1a diante. O n\u00famero de cadeiras da formaci\u00f3n Podemos no Parlamento Europeo non \u00e9 moi grande, pero foi unha irrupci\u00f3n dende cero dun partido que ser\u00eda un &#8216;antipartido tradicional&#8217;, que resultou unha sorpresa e que est\u00e1 resultando a\u00ednda m\u00e1is medi\u00e1tico porque se est\u00e1n botando enriba del os &#8216;grandes&#8217; (partidos e poderes) como unha ameaza, o que o convirte en simp\u00e1tico a ollos do resto. M\u00e1is se poder\u00eda dicir a escala estatal, pero en Ribadeo, hai Podemos?<\/p>\n<p>Que eu saiba, non hai c\u00e9lula algunha, n\u00facleo do que se este\u00f1a a partir xa, pero dada a estrutura que mant\u00e9n polo momento, iso \u00e9 cousa de dicilo e facelo nun santiam\u00e9n. E non me cabe d\u00fabida que no futuro algo haber\u00e1. Xa non te\u00f1o tan claro que vaia a representar unha forza para, po\u00f1amos, as municipais, pero&#8230;<\/p>\n<p>E \u00e9 que usando a proxecci\u00f3n do n\u00famero de votos para as cadeiras do concello (si, xa sei que non te\u00f1en que ver unha elecci\u00f3ns con outras; de feito eu mesmo avisei de que non era extrapolable e non o fixen nos c\u00e1lculos e gr\u00e1ficos de d\u00edas pasados, pero a Voz si nun gr\u00e1fico de maior\u00edas absolutas en Galicia), o PP obter\u00eda maior\u00eda absoluta. \u00c9 dicir, abertas todas as posibilidades \u00f3 futuro do concello?<\/p>\n<p>Non ser\u00eda mala cousa enfrontarse a unhas elecci\u00f3ns, calesqueira que foran, con esa apertura de miras de que todo \u00e9 posible. Quiz\u00e1is as\u00ed cambiar\u00edan perspectivas dende xa, evitando a manga por ombreiro que beneficia a quen ten poder ou conexi\u00f3ns con el e aplasta como un rodillo a quen non o ten, dificultando mesmo o dereito \u00f3 pataleo.<\/p>\n<p>Veremos, pero xa quedou claro que podemos, polo tanto, pode ocorrer.<\/p>\n<p>&#8211;<\/p>\n<p>Por certo, e por curiosidade, a\u00ednda que crea que non ten valor preditivo, a t\u00e1boa correspondente \u00e1s proxecci\u00f3ns das europeas para o concello de Ribadeo:<\/p>\n<p><a href=\"https:\/\/blogger.googleusercontent.com\/img\/b\/R29vZ2xl\/AVvXsEj3vWs5ZoBPI8mbwAo72lQgwDEW9I1If9td8h4d3lh1TOIDfPtU04ZdsuS1kfqdtpNTAMUoH5nefs9UBQxS66ImzpgPwOK7_eFUm8rusa1HfKiS4sADY7GVLR0U398bpKN6WFH48g\/s2048\/europeas+municipais.png\" imageanchor=\"1\" style=\"margin-left: 1em; margin-right: 1em;\"><img loading=\"lazy\" decoding=\"async\" src=\"https:\/\/blogger.googleusercontent.com\/img\/b\/R29vZ2xl\/AVvXsEj3vWs5ZoBPI8mbwAo72lQgwDEW9I1If9td8h4d3lh1TOIDfPtU04ZdsuS1kfqdtpNTAMUoH5nefs9UBQxS66ImzpgPwOK7_eFUm8rusa1HfKiS4sADY7GVLR0U398bpKN6WFH48g\/s2048\/europeas+municipais.png\" height=\"128\" width=\"640\" \/><\/a><\/p>\n","protected":false},"excerpt":{"rendered":"<p>Yes, we can! ou contestar \u00e1 pregunta &#8216;podemos?&#8217; cun &#8216;Podemos!&#8217; \u00e9 o que est\u00e1 de moda, o novo fen\u00f3meno que parece que pode asaltar calquera muro que se po\u00f1a diante. O n\u00famero de cadeiras da formaci\u00f3n Podemos no Parlamento Europeo non \u00e9 moi grande, pero foi unha irrupci\u00f3n dende cero dun partido que ser\u00eda un [&hellip;]<\/p>\n","protected":false},"author":3,"featured_media":0,"comment_status":"open","ping_status":"closed","sticky":false,"template":"","format":"standard","meta":{"activitypub_content_warning":"","activitypub_content_visibility":"","activitypub_max_image_attachments":3,"activitypub_interaction_policy_quote":"anyone","activitypub_status":"federated","footnotes":""},"categories":[1],"tags":[48,13],"class_list":["post-6856","post","type-post","status-publish","format-standard","hentry","category-sen-categoria","tag-eleccions","tag-politica"],"_links":{"self":[{"href":"https:\/\/blogs.amarinha.gal\/ribadeando\/wp-json\/wp\/v2\/posts\/6856","targetHints":{"allow":["GET"]}}],"collection":[{"href":"https:\/\/blogs.amarinha.gal\/ribadeando\/wp-json\/wp\/v2\/posts"}],"about":[{"href":"https:\/\/blogs.amarinha.gal\/ribadeando\/wp-json\/wp\/v2\/types\/post"}],"author":[{"embeddable":true,"href":"https:\/\/blogs.amarinha.gal\/ribadeando\/wp-json\/wp\/v2\/users\/3"}],"replies":[{"embeddable":true,"href":"https:\/\/blogs.amarinha.gal\/ribadeando\/wp-json\/wp\/v2\/comments?post=6856"}],"version-history":[{"count":0,"href":"https:\/\/blogs.amarinha.gal\/ribadeando\/wp-json\/wp\/v2\/posts\/6856\/revisions"}],"wp:attachment":[{"href":"https:\/\/blogs.amarinha.gal\/ribadeando\/wp-json\/wp\/v2\/media?parent=6856"}],"wp:term":[{"taxonomy":"category","embeddable":true,"href":"https:\/\/blogs.amarinha.gal\/ribadeando\/wp-json\/wp\/v2\/categories?post=6856"},{"taxonomy":"post_tag","embeddable":true,"href":"https:\/\/blogs.amarinha.gal\/ribadeando\/wp-json\/wp\/v2\/tags?post=6856"}],"curies":[{"name":"wp","href":"https:\/\/api.w.org\/{rel}","templated":true}]}}