{"id":6852,"date":"2014-06-03T07:58:00","date_gmt":"2014-06-03T05:58:00","guid":{"rendered":""},"modified":"2024-11-12T14:10:41","modified_gmt":"2024-11-12T13:10:41","slug":"ribadeo-ano-0","status":"publish","type":"post","link":"https:\/\/blogs.amarinha.gal\/ribadeando\/2014\/06\/03\/ribadeo-ano-0\/","title":{"rendered":"Ribadeo, ano 0"},"content":{"rendered":"<p>Onte abdicou o Rei. Sobre as consecuencias, polo momento en canto a an\u00e1lises preventivos, o mellor que vin foi o que en facebook desgranou \u00c1ngel Alda nunha serie de puntos. An\u00e1lises xerais comezar\u00e1n a sa\u00edr hoxe, os que vin non chegaban a tal nome. O que si vin, igual que todos, foi alegr\u00eda -\u00e1 que me sumei con certa prevenci\u00f3n- exteriorizada por parte de grupos determinados e interior por unha grande cantidade de xente. No medio, a petici\u00f3n de refer\u00e9ndum, que entendo que m\u00e1is que contra a coroa en si, illada, (que tam\u00e9n) \u00e9 contra a coroa como n\u00facleo dun sistema visiblemente corrupto que se pasea como tal.<\/p>\n<p>En Ribadeo, cousas laborais, non puiden asistir \u00e1 concentraci\u00f3n que se organizou. Roubo unha foto subida polo alcalde para facer un pequeno comentario:<\/p>\n<p><a href=\"https:\/\/blogger.googleusercontent.com\/img\/b\/R29vZ2xl\/AVvXsEiAAX4IWzvLrNnA8HNeycEKUyGWZOQG4XdC1h2YuZjgTxKHGJuf7SVgK2wm0cVJcrjUqZdr-1QlxnVn3QFt6pKbT-v88_l0AKm6fBPhETsDKTxsRN8l_wi7NyjD_36AW3MB6BD6gg\/s2048\/rep.jpg\" imageanchor=\"1\" style=\"margin-left: 1em; margin-right: 1em;\"><img loading=\"lazy\" decoding=\"async\" src=\"https:\/\/blogger.googleusercontent.com\/img\/b\/R29vZ2xl\/AVvXsEiAAX4IWzvLrNnA8HNeycEKUyGWZOQG4XdC1h2YuZjgTxKHGJuf7SVgK2wm0cVJcrjUqZdr-1QlxnVn3QFt6pKbT-v88_l0AKm6fBPhETsDKTxsRN8l_wi7NyjD_36AW3MB6BD6gg\/s2048\/rep.jpg\" height=\"480\" width=\"640\" \/><\/a><\/p>\n<p>Na concentraci\u00f3n v\u00e9nse dous tipos de bandeiras. Para boa parte de cousas, representan a aliados naturais, pero coma sempre que hai diferentes bandeir\u00edas, hai como m\u00ednimo matices que esperan o seu momento para manifestarse en contra do outro. Polas redes xa vin falar da sucesi\u00f3n real en catro rep\u00fablicas, e par\u00e9ceme evidente que despois de observar en Galicia a deriva partidista dentro de AGE, entre a xente que puidera aparecer na foto haber\u00eda diferenzas a estas alturas insalvables respecto do tema.<\/p>\n<p>De calquera xeito, se na antig\u00fcidade os anos refer\u00edanse \u00f3 reinado correspondente, comenzando un novo per\u00edodo ou era co cambio de rei, n\u00f3s agora estamos no ano 0 dunha nova era. Se ser\u00e1 republicana, como se est\u00e1 a pedir, ou non, iso a\u00ednda ver\u00e9molo e far\u00e9molo (a orde debera ser a inversa, pero coido que para a maior\u00eda da xente esa \u00e9 a orde verdadeira). E, se \u00e9 republicana, tam\u00e9n veremos de que tipo de rep\u00fablica estaremos a falar.<\/p>\n","protected":false},"excerpt":{"rendered":"<p>Onte abdicou o Rei. Sobre as consecuencias, polo momento en canto a an\u00e1lises preventivos, o mellor que vin foi o que en facebook desgranou \u00c1ngel Alda nunha serie de puntos. An\u00e1lises xerais comezar\u00e1n a sa\u00edr hoxe, os que vin non chegaban a tal nome. O que si vin, igual que todos, foi alegr\u00eda -\u00e1 que [&hellip;]<\/p>\n","protected":false},"author":3,"featured_media":0,"comment_status":"open","ping_status":"closed","sticky":false,"template":"","format":"standard","meta":{"activitypub_content_warning":"","activitypub_content_visibility":"","activitypub_max_image_attachments":3,"activitypub_interaction_policy_quote":"anyone","activitypub_status":"federated","footnotes":""},"categories":[1],"tags":[25,13,9],"class_list":["post-6852","post","type-post","status-publish","format-standard","hentry","category-sen-categoria","tag-festas","tag-politica","tag-sociedade"],"_links":{"self":[{"href":"https:\/\/blogs.amarinha.gal\/ribadeando\/wp-json\/wp\/v2\/posts\/6852","targetHints":{"allow":["GET"]}}],"collection":[{"href":"https:\/\/blogs.amarinha.gal\/ribadeando\/wp-json\/wp\/v2\/posts"}],"about":[{"href":"https:\/\/blogs.amarinha.gal\/ribadeando\/wp-json\/wp\/v2\/types\/post"}],"author":[{"embeddable":true,"href":"https:\/\/blogs.amarinha.gal\/ribadeando\/wp-json\/wp\/v2\/users\/3"}],"replies":[{"embeddable":true,"href":"https:\/\/blogs.amarinha.gal\/ribadeando\/wp-json\/wp\/v2\/comments?post=6852"}],"version-history":[{"count":0,"href":"https:\/\/blogs.amarinha.gal\/ribadeando\/wp-json\/wp\/v2\/posts\/6852\/revisions"}],"wp:attachment":[{"href":"https:\/\/blogs.amarinha.gal\/ribadeando\/wp-json\/wp\/v2\/media?parent=6852"}],"wp:term":[{"taxonomy":"category","embeddable":true,"href":"https:\/\/blogs.amarinha.gal\/ribadeando\/wp-json\/wp\/v2\/categories?post=6852"},{"taxonomy":"post_tag","embeddable":true,"href":"https:\/\/blogs.amarinha.gal\/ribadeando\/wp-json\/wp\/v2\/tags?post=6852"}],"curies":[{"name":"wp","href":"https:\/\/api.w.org\/{rel}","templated":true}]}}