{"id":6841,"date":"2014-06-19T08:29:00","date_gmt":"2014-06-19T06:29:00","guid":{"rendered":""},"modified":"2024-11-12T14:10:18","modified_gmt":"2024-11-12T13:10:18","slug":"dia-bonito-con-anticipo","status":"publish","type":"post","link":"https:\/\/blogs.amarinha.gal\/ribadeando\/2014\/06\/19\/dia-bonito-con-anticipo\/","title":{"rendered":"D\u00eda bonito con anticipo"},"content":{"rendered":"<p>De novo na tempada actual, clarexou un d\u00eda bonito. Estamos tendo en Ribadeo un xu\u00f1o ente neboado e radiante. E en toda Galicia, a tempada de praia comezou xa hai tempo.<\/p>\n<p>O sorriso co albiscar tempo despexado contin\u00faa nas novas: <a href=\"http:\/\/www.lavozdegalicia.es\/noticia\/amarina\/2014\/06\/19\/xunta-autoriza-anticipar-contratacion-82-socorristas\/0003_201406X19C8994.htm\" target=\"_blank\" rel=\"noopener\">A Xunta &#8216;autoriza a adiantar&#8217; a contrataci\u00f3n de socorristas<\/a>. Ben, se se le o corpo da nova resulta algo diferente e (quiz\u00e1is) un pouco m\u00e1is l\u00f3xico. Recapitulando:<\/p>\n<p>-O prazo de petici\u00f3n de axudas \u00f3s concellos para socorristas remata a fin de mes<\/p>\n<p>-A Xunta resolveu onte as petici\u00f3ns presentadas<\/p>\n<p>Eses dous puntos son os b\u00e1sicos, e sobre os que caben preguntas como o por que ata fin de mes cando a\u00ed est\u00e1n os datos meteorol\u00f3xicos que te\u00f1o posto ou sinxelamente a astronom\u00eda indicando que o Sol est\u00e1 m\u00e1is alto do ceo o 21 de xu\u00f1o (se ben \u00e9 certo que as temperaturas de fin de xu\u00f1o son equivalentes \u00e1s de comezos de setembro). Ou por que, se se pode resolver a axuda antes do fin de prazo, non se te\u00f1en resolto antes coa temperie que estamos a ter este ano.<\/p>\n<p>Hai m\u00e1is:<\/p>\n<p>-Quedan f\u00f3ra do adianto Viveiro e Ribadeo<\/p>\n<p>Parece l\u00f3xico que Viveiro quede f\u00f3ra (non solicitou axuda, \u00f3 que parece), e algo menos que quede Ribadeo, \u00f3 que se acusa de non ter xustificado o pasado ano. Viveiro tampouco o ten, e parece que sexa casualidade que os dous sexan basti\u00f3ns de partidos na oposici\u00f3n no H\u00f3rreo, e que xa saibamos de que van os enfrontamentos pol\u00edticos derivados en negativas administrativas (en Ribadeo temos nestes momentos o tema do retraso dos cartos comprometidos oralmente pola xunta para a Residencia de maiores porque, segundo a Xunta, o Concello non env\u00eda\/reenv\u00eda\/rereenv\u00eda papeis, datos, precisi\u00f3ns ou o que sexa, que para algo a Xunta \u00e9 a que pide).<\/p>\n<p>Ben, o caso \u00e9 que se se comunica isto \u00f3s concellos hoxe, 19 de xu\u00f1o, e os concellos te\u00f1en que facer a selecci\u00f3n e dem\u00e1is (non poden facela sen saber cantos socorristas van poder ter), parece que a cousa chegar\u00e1 como pronto, xusti\u00f1a para xullo. Algu\u00e9n sabe por que non resolver antes? Chegar\u00e1 Ribadeo a ter vixiantes antes de xullo ou\/e teremos o xa t\u00edpico enfrontamento interadministrativo?<\/p>\n<p>Por certo, isto vai ir con etiqueta de &#8216;pol\u00edtica&#8217;, pois, a\u00ednda que sexa unha mala pol\u00edtica, diso se trata. Segundo o dicionario da Real Academia Galega: &#8220;Teor\u00eda, arte ou doutrina referente ao goberno dunha comunidade&#8221;; &#8220;Conxunto de asuntos p\u00fablicos dun estado&#8221;; &#8220;Maneira de dirixir unha comunidade, de levar os asuntos p\u00fablicos&#8221;<\/p>\n","protected":false},"excerpt":{"rendered":"<p>De novo na tempada actual, clarexou un d\u00eda bonito. Estamos tendo en Ribadeo un xu\u00f1o ente neboado e radiante. E en toda Galicia, a tempada de praia comezou xa hai tempo. O sorriso co albiscar tempo despexado contin\u00faa nas novas: A Xunta &#8216;autoriza a adiantar&#8217; a contrataci\u00f3n de socorristas. Ben, se se le o corpo [&hellip;]<\/p>\n","protected":false},"author":3,"featured_media":0,"comment_status":"open","ping_status":"closed","sticky":false,"template":"","format":"standard","meta":{"activitypub_content_warning":"","activitypub_content_visibility":"","activitypub_max_image_attachments":3,"activitypub_interaction_policy_quote":"anyone","activitypub_status":"federate","footnotes":""},"categories":[1],"tags":[13],"class_list":["post-6841","post","type-post","status-publish","format-standard","hentry","category-sen-categoria","tag-politica"],"_links":{"self":[{"href":"https:\/\/blogs.amarinha.gal\/ribadeando\/wp-json\/wp\/v2\/posts\/6841","targetHints":{"allow":["GET"]}}],"collection":[{"href":"https:\/\/blogs.amarinha.gal\/ribadeando\/wp-json\/wp\/v2\/posts"}],"about":[{"href":"https:\/\/blogs.amarinha.gal\/ribadeando\/wp-json\/wp\/v2\/types\/post"}],"author":[{"embeddable":true,"href":"https:\/\/blogs.amarinha.gal\/ribadeando\/wp-json\/wp\/v2\/users\/3"}],"replies":[{"embeddable":true,"href":"https:\/\/blogs.amarinha.gal\/ribadeando\/wp-json\/wp\/v2\/comments?post=6841"}],"version-history":[{"count":0,"href":"https:\/\/blogs.amarinha.gal\/ribadeando\/wp-json\/wp\/v2\/posts\/6841\/revisions"}],"wp:attachment":[{"href":"https:\/\/blogs.amarinha.gal\/ribadeando\/wp-json\/wp\/v2\/media?parent=6841"}],"wp:term":[{"taxonomy":"category","embeddable":true,"href":"https:\/\/blogs.amarinha.gal\/ribadeando\/wp-json\/wp\/v2\/categories?post=6841"},{"taxonomy":"post_tag","embeddable":true,"href":"https:\/\/blogs.amarinha.gal\/ribadeando\/wp-json\/wp\/v2\/tags?post=6841"}],"curies":[{"name":"wp","href":"https:\/\/api.w.org\/{rel}","templated":true}]}}