{"id":6839,"date":"2014-06-22T10:42:00","date_gmt":"2014-06-22T08:42:00","guid":{"rendered":""},"modified":"2024-11-12T14:10:15","modified_gmt":"2024-11-12T13:10:15","slug":"algo-que-avisara-sobre-residencia","status":"publish","type":"post","link":"https:\/\/blogs.amarinha.gal\/ribadeando\/2014\/06\/22\/algo-que-avisara-sobre-residencia\/","title":{"rendered":"Algo que avisara sobre a residencia"},"content":{"rendered":"<p><a href=\"http:\/\/ribadeando.blogspot.com.es\/2014\/06\/ideo-mirando-que-xa-esta-cambiando.html\" target=\"_blank\" rel=\"noopener\">Venres adiantei con fotos que o terreo no que se asentar\u00e1 a residencia estaba a cambiar<\/a>. Hoxe xa est\u00e1 en t\u00f3dolos xornais&nbsp; que hai d\u00eda para unha cerimonia de comezo de obra: martes 24 de xu\u00f1o \u00e1s oito da tarde. Corto e pego o <a href=\"http:\/\/ribadeo.org\/actualidade\/nova.php?id=1557&amp;lg=gal\" target=\"_blank\" rel=\"noopener\">aviso do concello no seu blog<\/a>:<\/p>\n<p class=\"intro\"><em>O vindeiro martes, 24 de xu\u00f1o, \u00e1s oito da tarde<br \/>\nter\u00e1 lugar o acto de inicio das obras de construci\u00f3n da residencia de<br \/>\nmaiores de Ribadeo. A veci\u00f1anza est\u00e1 convidada a asistir. <\/em><\/p>\n<p><em><\/p>\n<p> <\/em><em>O alcalde, Fernando Su\u00e1rez, convida \u00e1 veci\u00f1anza a asistir a este d\u00eda<br \/>\n tan importante para Ribadeo. Ao acto, previsto para as 20 horas,<br \/>\nasistir\u00e1n o vicepresidente da Deputaci\u00f3n de Lugo, Antonio Veiga; a<br \/>\nconcelleira de Sa\u00fade e Benestar, M\u00aa Teresa Gonz\u00e1lez Pi\u00f1eiroa; o rexedor,<br \/>\n Fernando Su\u00e1rez; as\u00ed coma o resto da Corporaci\u00f3n Municipal de Ribadeo.<br \/>\nTam\u00e9n acudir\u00e1n a esta cita os representantes da plataforma veci\u00f1al pro<br \/>\nresidencia de maiores. <\/em><\/p>\n<p><em>Su\u00e1rez Barcia subli\u00f1a que &#8220;\u00e9 un d\u00eda grande<br \/>\n para Ribadeo e para as s\u00faas xentes, porque despois de moitos meses de<br \/>\nloita e de traballo, o martes veremos como da comezo a construci\u00f3n da<br \/>\nnosa residencia de maiores, unha instalaci\u00f3n da que estamos moi<br \/>\nnecesitados&#8221;. E engade que &#8220;quero convidar a que asistan a este acto a<br \/>\ntodos os veci\u00f1os e veci\u00f1as de Ribadeo, a todos eses que nos apoiaron<br \/>\ncando nos mobilizamos e a todos eses que levan anos agardando por ver<br \/>\nfeito realidade este so\u00f1o colectivo&#8221;<\/em>.<\/p>\n","protected":false},"excerpt":{"rendered":"<p>Venres adiantei con fotos que o terreo no que se asentar\u00e1 a residencia estaba a cambiar. Hoxe xa est\u00e1 en t\u00f3dolos xornais&nbsp; que hai d\u00eda para unha cerimonia de comezo de obra: martes 24 de xu\u00f1o \u00e1s oito da tarde. Corto e pego o aviso do concello no seu blog: O vindeiro martes, 24 de [&hellip;]<\/p>\n","protected":false},"author":3,"featured_media":0,"comment_status":"open","ping_status":"closed","sticky":false,"template":"","format":"standard","meta":{"activitypub_content_warning":"","activitypub_content_visibility":"","activitypub_max_image_attachments":3,"activitypub_interaction_policy_quote":"anyone","activitypub_status":"federate","footnotes":""},"categories":[1],"tags":[9],"class_list":["post-6839","post","type-post","status-publish","format-standard","hentry","category-sen-categoria","tag-sociedade"],"_links":{"self":[{"href":"https:\/\/blogs.amarinha.gal\/ribadeando\/wp-json\/wp\/v2\/posts\/6839","targetHints":{"allow":["GET"]}}],"collection":[{"href":"https:\/\/blogs.amarinha.gal\/ribadeando\/wp-json\/wp\/v2\/posts"}],"about":[{"href":"https:\/\/blogs.amarinha.gal\/ribadeando\/wp-json\/wp\/v2\/types\/post"}],"author":[{"embeddable":true,"href":"https:\/\/blogs.amarinha.gal\/ribadeando\/wp-json\/wp\/v2\/users\/3"}],"replies":[{"embeddable":true,"href":"https:\/\/blogs.amarinha.gal\/ribadeando\/wp-json\/wp\/v2\/comments?post=6839"}],"version-history":[{"count":0,"href":"https:\/\/blogs.amarinha.gal\/ribadeando\/wp-json\/wp\/v2\/posts\/6839\/revisions"}],"wp:attachment":[{"href":"https:\/\/blogs.amarinha.gal\/ribadeando\/wp-json\/wp\/v2\/media?parent=6839"}],"wp:term":[{"taxonomy":"category","embeddable":true,"href":"https:\/\/blogs.amarinha.gal\/ribadeando\/wp-json\/wp\/v2\/categories?post=6839"},{"taxonomy":"post_tag","embeddable":true,"href":"https:\/\/blogs.amarinha.gal\/ribadeando\/wp-json\/wp\/v2\/tags?post=6839"}],"curies":[{"name":"wp","href":"https:\/\/api.w.org\/{rel}","templated":true}]}}