{"id":6838,"date":"2014-06-24T08:43:00","date_gmt":"2014-06-24T06:43:00","guid":{"rendered":""},"modified":"2024-11-12T14:10:14","modified_gmt":"2024-11-12T13:10:14","slug":"non-pono-foto","status":"publish","type":"post","link":"https:\/\/blogs.amarinha.gal\/ribadeando\/2014\/06\/24\/non-pono-foto\/","title":{"rendered":"Non po\u00f1o foto: ser\u00eda propaganda"},"content":{"rendered":"<p>Hai poucas datas, comentei que apareceran uns escritos alusivos e ameazantes \u00f3 PP (cun tiro na nuca) e \u00e1 igrexa (a igrexa que mellor aluma \u00e9 a que arde) en muros de Ribadeo (unha valla e a parede dunha igrexa, ambas c\u00e9ntricas) A ra\u00edz diso, estableceuse unha pol\u00e9mica porque o concello non as retiraba (as cubr\u00eda), defendendo primeiro o alcalde que non, que ti\u00f1an que retiralas os propietarios dos muros e que en caso de facelo o concello, crear\u00edase un precedente, e logo, variando a s\u00faa idea e cubr\u00edndoas.<\/p>\n<p>Ben, pois xa pode continuar. Nunha r\u00faa peonil totalmente comercial e c\u00e9ntrica, na \u00fanica finca sen constru\u00edr, recentemente pintada para borrar unha das pintadas comentadas, aparece de novo un letreiro: matar fachas non \u00e9 xenocidio. O certo \u00e9 que nestes momentos xa non me lembro se o pon en galego ou en castel\u00e1n (os dous citados antes eran en castel\u00e1n), detalle sen importancia no fondo, pero que poder\u00eda dar algunha pista sobre a orixe da pintada.<\/p>\n<p>O caso \u00e9 que a pintada foi da fin de semana, e a brigada municipal xa pode actuar. Coido que ter\u00e1 traballo. E, posto o primeiro traballo en marcha, xa haber\u00e1 que preguntarse ata onde abranguer\u00e1 a acci\u00f3n municipal: seguro que hai moita xente interesada en que lle limpen pintadas nas s\u00faas propiedades.<\/p>\n<p>Sei que non \u00e9 algo de soluci\u00f3n inmediata, e que unha pintada ameazante non debera existir. Que \u00e9 algo denunciable (espero que se te\u00f1a denunciado nos dous casos), pero non doado de procurar o autor. Pero agora, unha volta establecido o xogo, tr\u00e1tase diso, de xogar \u00f3 rato e o gato, co que considero que foi peor o remedio que a enfermidade: m\u00e1is pintadas mentras non haxa captura, que debera producirse pero que non est\u00e1 asegurada.<\/p>\n<p>Outras soluci\u00f3ns? A parte de coller a quen as fixo e facerllo pagar (literalmente, a restauraci\u00f3n tanto como como o resultado xudicial das ameazas), no caso do escrito na igrexa, t\u00e9nseme pasado aumentarlle coa mesma letra &#8216;na fe&#8217;: &#8216;a igrexa que mellor ilumina \u00e9 a que arde na fe&#8217;, pero non coido que o resultado fora o adecuado&#8230;<\/p>\n","protected":false},"excerpt":{"rendered":"<p>Hai poucas datas, comentei que apareceran uns escritos alusivos e ameazantes \u00f3 PP (cun tiro na nuca) e \u00e1 igrexa (a igrexa que mellor aluma \u00e9 a que arde) en muros de Ribadeo (unha valla e a parede dunha igrexa, ambas c\u00e9ntricas) A ra\u00edz diso, estableceuse unha pol\u00e9mica porque o concello non as retiraba (as [&hellip;]<\/p>\n","protected":false},"author":3,"featured_media":0,"comment_status":"open","ping_status":"closed","sticky":false,"template":"","format":"standard","meta":{"activitypub_content_warning":"","activitypub_content_visibility":"","activitypub_max_image_attachments":3,"activitypub_interaction_policy_quote":"anyone","activitypub_status":"federate","footnotes":""},"categories":[1],"tags":[9],"class_list":["post-6838","post","type-post","status-publish","format-standard","hentry","category-sen-categoria","tag-sociedade"],"_links":{"self":[{"href":"https:\/\/blogs.amarinha.gal\/ribadeando\/wp-json\/wp\/v2\/posts\/6838","targetHints":{"allow":["GET"]}}],"collection":[{"href":"https:\/\/blogs.amarinha.gal\/ribadeando\/wp-json\/wp\/v2\/posts"}],"about":[{"href":"https:\/\/blogs.amarinha.gal\/ribadeando\/wp-json\/wp\/v2\/types\/post"}],"author":[{"embeddable":true,"href":"https:\/\/blogs.amarinha.gal\/ribadeando\/wp-json\/wp\/v2\/users\/3"}],"replies":[{"embeddable":true,"href":"https:\/\/blogs.amarinha.gal\/ribadeando\/wp-json\/wp\/v2\/comments?post=6838"}],"version-history":[{"count":0,"href":"https:\/\/blogs.amarinha.gal\/ribadeando\/wp-json\/wp\/v2\/posts\/6838\/revisions"}],"wp:attachment":[{"href":"https:\/\/blogs.amarinha.gal\/ribadeando\/wp-json\/wp\/v2\/media?parent=6838"}],"wp:term":[{"taxonomy":"category","embeddable":true,"href":"https:\/\/blogs.amarinha.gal\/ribadeando\/wp-json\/wp\/v2\/categories?post=6838"},{"taxonomy":"post_tag","embeddable":true,"href":"https:\/\/blogs.amarinha.gal\/ribadeando\/wp-json\/wp\/v2\/tags?post=6838"}],"curies":[{"name":"wp","href":"https:\/\/api.w.org\/{rel}","templated":true}]}}