{"id":6837,"date":"2014-06-24T18:06:00","date_gmt":"2014-06-24T16:06:00","guid":{"rendered":""},"modified":"2024-11-12T14:10:12","modified_gmt":"2024-11-12T13:10:12","slug":"audios-de-ribadeo-debate-i-e-ii","status":"publish","type":"post","link":"https:\/\/blogs.amarinha.gal\/ribadeando\/2014\/06\/24\/audios-de-ribadeo-debate-i-e-ii\/","title":{"rendered":"Audios de Ribadeo a Debate (I e II)"},"content":{"rendered":"<p>Comezo a colgar os audios das charlas &#8216;Ribadeo a Debate&#8217;. Por unha raz\u00f3n ou outra, a calidade deixa que desexar e os minutos recollidos son moitos menos dos esperados. Deixo aqu\u00ed os dous primeiros, correspondentes \u00f3s primeiros minutos da charla de Xos\u00e9 Carlos Rodr\u00edguez Ra\u00f1\u00f3n (Ribadeo visto dende f\u00f3ra por un de dentro, 17 min) e \u00e1 charla de Chemi Lombardero Rico (Ribadeo, un porto, un hinterland, d\u00faas comunidades, 1h e 23 min).<\/p>\n<p><iframe loading=\"lazy\" align=\"top\" allowfullscreen=\"\" frameborder=\"0\" height=\"115\" hspace=\"0\" marginheight=\"0\" scrolling=\"no\" src=\"http:\/\/www.goear.com\/embed\/sound\/65c16de\" vspace=\"0\" width=\"580\"><\/iframe><\/p>\n<p><iframe loading=\"lazy\" align=\"top\" allowfullscreen=\"\" frameborder=\"0\" height=\"115\" hspace=\"0\" marginheight=\"0\" scrolling=\"no\" src=\"http:\/\/www.goear.com\/embed\/sound\/81134b5\" vspace=\"0\" width=\"580\"><\/iframe><\/p>\n","protected":false},"excerpt":{"rendered":"<p>Comezo a colgar os audios das charlas &#8216;Ribadeo a Debate&#8217;. Por unha raz\u00f3n ou outra, a calidade deixa que desexar e os minutos recollidos son moitos menos dos esperados. Deixo aqu\u00ed os dous primeiros, correspondentes \u00f3s primeiros minutos da charla de Xos\u00e9 Carlos Rodr\u00edguez Ra\u00f1\u00f3n (Ribadeo visto dende f\u00f3ra por un de dentro, 17 min) [&hellip;]<\/p>\n","protected":false},"author":3,"featured_media":0,"comment_status":"open","ping_status":"closed","sticky":false,"template":"","format":"standard","meta":{"activitypub_content_warning":"","activitypub_content_visibility":"","activitypub_max_image_attachments":3,"activitypub_interaction_policy_quote":"anyone","activitypub_status":"federate","footnotes":""},"categories":[1],"tags":[9],"class_list":["post-6837","post","type-post","status-publish","format-standard","hentry","category-sen-categoria","tag-sociedade"],"_links":{"self":[{"href":"https:\/\/blogs.amarinha.gal\/ribadeando\/wp-json\/wp\/v2\/posts\/6837","targetHints":{"allow":["GET"]}}],"collection":[{"href":"https:\/\/blogs.amarinha.gal\/ribadeando\/wp-json\/wp\/v2\/posts"}],"about":[{"href":"https:\/\/blogs.amarinha.gal\/ribadeando\/wp-json\/wp\/v2\/types\/post"}],"author":[{"embeddable":true,"href":"https:\/\/blogs.amarinha.gal\/ribadeando\/wp-json\/wp\/v2\/users\/3"}],"replies":[{"embeddable":true,"href":"https:\/\/blogs.amarinha.gal\/ribadeando\/wp-json\/wp\/v2\/comments?post=6837"}],"version-history":[{"count":0,"href":"https:\/\/blogs.amarinha.gal\/ribadeando\/wp-json\/wp\/v2\/posts\/6837\/revisions"}],"wp:attachment":[{"href":"https:\/\/blogs.amarinha.gal\/ribadeando\/wp-json\/wp\/v2\/media?parent=6837"}],"wp:term":[{"taxonomy":"category","embeddable":true,"href":"https:\/\/blogs.amarinha.gal\/ribadeando\/wp-json\/wp\/v2\/categories?post=6837"},{"taxonomy":"post_tag","embeddable":true,"href":"https:\/\/blogs.amarinha.gal\/ribadeando\/wp-json\/wp\/v2\/tags?post=6837"}],"curies":[{"name":"wp","href":"https:\/\/api.w.org\/{rel}","templated":true}]}}