{"id":6833,"date":"2014-06-27T09:15:00","date_gmt":"2014-06-27T07:15:00","guid":{"rendered":""},"modified":"2024-11-12T14:10:06","modified_gmt":"2024-11-12T13:10:06","slug":"apaga-e-segue","status":"publish","type":"post","link":"https:\/\/blogs.amarinha.gal\/ribadeando\/2014\/06\/27\/apaga-e-segue\/","title":{"rendered":"Apaga segue!"},"content":{"rendered":"<p>Hai tempo que sei de <a href=\"http:\/\/apaga.es\/\" target=\"_blank\" rel=\"noopener\">APAGA<\/a>. \u00c1lvaro Doural e o seu equipo levan xa tempo loitando por mellorar o ensino, en particular a formaci\u00f3n dos t\u00e9cnicos de automoci\u00f3n. C\u00f3nstame adem\u00e1is que moitas veces con abondo esforzo. As s\u00faas actividades incl\u00faen xornadas, pero tam\u00e9n foros, mostras, cursos, proxectos en conxunto con outras instituci\u00f3ns ou asociaci\u00f3ns no resto de de Espa\u00f1a ou Europa&#8230; O seu \u00faltimo movemento polo momento sae hoxe na prensa: unha base de datos para po\u00f1er en contacto ofertas e demandas de emprego no sector da automoci\u00f3n. \u00c9 unha asociaci\u00f3n que poidera parecer que nin nos vai nin nos ven, pero que peri\u00f3dicamente atrae a Ribadeo un carrado de xente, a m\u00e1is de aumentar a nosa cultura sobre a automoci\u00f3n, e incidir en que o funcionamento dos talleres e a atenci\u00f3n que recibimos cando imos reparar un coche sexa mellor.<\/p>\n<p>Ou sexa, unha desas t\u00edpicas cousas que non consideramos, pero que levan traballo e que notamos a\u00ednda que non lles deamos importancia. Por certo, a pr\u00f3xima actividade ser\u00e1 a &#8220;II MOSTRA DE COCHES CL\u00c1SICOS&#8221;, o 29, 30 e 31 de agosto de 2014. En Ribadeo, claro. No Cabazo.<\/p>\n","protected":false},"excerpt":{"rendered":"<p>Hai tempo que sei de APAGA. \u00c1lvaro Doural e o seu equipo levan xa tempo loitando por mellorar o ensino, en particular a formaci\u00f3n dos t\u00e9cnicos de automoci\u00f3n. C\u00f3nstame adem\u00e1is que moitas veces con abondo esforzo. As s\u00faas actividades incl\u00faen xornadas, pero tam\u00e9n foros, mostras, cursos, proxectos en conxunto con outras instituci\u00f3ns ou asociaci\u00f3ns no [&hellip;]<\/p>\n","protected":false},"author":3,"featured_media":0,"comment_status":"open","ping_status":"closed","sticky":false,"template":"","format":"standard","meta":{"activitypub_content_warning":"","activitypub_content_visibility":"","activitypub_max_image_attachments":3,"activitypub_interaction_policy_quote":"anyone","activitypub_status":"federate","footnotes":""},"categories":[1],"tags":[9],"class_list":["post-6833","post","type-post","status-publish","format-standard","hentry","category-sen-categoria","tag-sociedade"],"_links":{"self":[{"href":"https:\/\/blogs.amarinha.gal\/ribadeando\/wp-json\/wp\/v2\/posts\/6833","targetHints":{"allow":["GET"]}}],"collection":[{"href":"https:\/\/blogs.amarinha.gal\/ribadeando\/wp-json\/wp\/v2\/posts"}],"about":[{"href":"https:\/\/blogs.amarinha.gal\/ribadeando\/wp-json\/wp\/v2\/types\/post"}],"author":[{"embeddable":true,"href":"https:\/\/blogs.amarinha.gal\/ribadeando\/wp-json\/wp\/v2\/users\/3"}],"replies":[{"embeddable":true,"href":"https:\/\/blogs.amarinha.gal\/ribadeando\/wp-json\/wp\/v2\/comments?post=6833"}],"version-history":[{"count":0,"href":"https:\/\/blogs.amarinha.gal\/ribadeando\/wp-json\/wp\/v2\/posts\/6833\/revisions"}],"wp:attachment":[{"href":"https:\/\/blogs.amarinha.gal\/ribadeando\/wp-json\/wp\/v2\/media?parent=6833"}],"wp:term":[{"taxonomy":"category","embeddable":true,"href":"https:\/\/blogs.amarinha.gal\/ribadeando\/wp-json\/wp\/v2\/categories?post=6833"},{"taxonomy":"post_tag","embeddable":true,"href":"https:\/\/blogs.amarinha.gal\/ribadeando\/wp-json\/wp\/v2\/tags?post=6833"}],"curies":[{"name":"wp","href":"https:\/\/api.w.org\/{rel}","templated":true}]}}