{"id":6824,"date":"2014-07-12T07:48:00","date_gmt":"2014-07-12T05:48:00","guid":{"rendered":""},"modified":"2024-11-12T14:09:53","modified_gmt":"2024-11-12T13:09:53","slug":"ribadeo-indiano","status":"publish","type":"post","link":"https:\/\/blogs.amarinha.gal\/ribadeando\/2014\/07\/12\/ribadeo-indiano\/","title":{"rendered":"Ribadeo indiano"},"content":{"rendered":"<p>Como estaba previsto, un \u00e9xito de p\u00fablico e ambiente, coa porcentaxe adecuada de xente caracterizada e &#8216;p\u00fablico&#8217;. Fotos? <a href=\"https:\/\/www.google.com\/search?q=fotos+ribadeo+indiano&amp;client=iceweasel-a&amp;rls=org.mozilla:gl-ES:unofficial&amp;tbm=isch&amp;tbo=u&amp;source=univ&amp;sa=X&amp;ei=7sjAU6LUHPON0wX8hYGoBA&amp;ved=0CB0QsAQ&amp;biw=1280&amp;bih=613\" target=\"_blank\" rel=\"noopener\">A moreas<\/a>! Mira por exemplo <a href=\"https:\/\/www.facebook.com\/media\/set\/?set=a.10152546054541217.1073742080.229982326216&amp;type=1\" target=\"_blank\" rel=\"noopener\">este album no facebook<\/a>.<\/p>\n<p>Dos que colaboraron con Galicia, por que non <a href=\"http:\/\/www.google.com\/url?sa=t&amp;rct=j&amp;q=&amp;esrc=s&amp;source=web&amp;cd=1&amp;cad=rja&amp;uact=8&amp;ved=0CBwQFjAA&amp;url=http%3A%2F%2Frevistadeindias.revistas.csic.es%2Findex.php%2Frevistadeindias%2Farticle%2Fdownload%2F727%2F798&amp;ei=QNHAU560NMyV0QXc2YCIDQ&amp;usg=AFQjCNEHrtse_AfX1_btBkJXbysmp0CvPA&amp;sig2=7Qc_HNoKBh05ilpiduiirA&amp;bvm=bv.70810081,d.d2k\" target=\"_blank\" rel=\"noopener\">saber algo m\u00e1is<\/a>? Ou, dos indianos que quedaron al\u00f3, por que non <a href=\"http:\/\/site.adital.com.br\/site\/noticia.php?lang=ES&amp;cod=81439\" target=\"_blank\" rel=\"noopener\">saborear algo do Uruguai<\/a>?<\/p>\n<p>Anterior do Ribadeo indiano:<\/p>\n<p><a href=\"http:\/\/ribadeando.blogspot.com.es\/2014\/07\/o-exito-esta-asegurado.html\">O \u00c9xito est\u00e1 asegurado<\/a><\/p>\n","protected":false},"excerpt":{"rendered":"<p>Como estaba previsto, un \u00e9xito de p\u00fablico e ambiente, coa porcentaxe adecuada de xente caracterizada e &#8216;p\u00fablico&#8217;. Fotos? A moreas! Mira por exemplo este album no facebook. Dos que colaboraron con Galicia, por que non saber algo m\u00e1is? Ou, dos indianos que quedaron al\u00f3, por que non saborear algo do Uruguai? Anterior do Ribadeo indiano: [&hellip;]<\/p>\n","protected":false},"author":3,"featured_media":0,"comment_status":"open","ping_status":"closed","sticky":false,"template":"","format":"standard","meta":{"activitypub_content_warning":"","activitypub_content_visibility":"","activitypub_max_image_attachments":3,"activitypub_interaction_policy_quote":"anyone","activitypub_status":"federated","footnotes":""},"categories":[1],"tags":[10,21,25,9],"class_list":["post-6824","post","type-post","status-publish","format-standard","hentry","category-sen-categoria","tag-cultura","tag-economia","tag-festas","tag-sociedade"],"_links":{"self":[{"href":"https:\/\/blogs.amarinha.gal\/ribadeando\/wp-json\/wp\/v2\/posts\/6824","targetHints":{"allow":["GET"]}}],"collection":[{"href":"https:\/\/blogs.amarinha.gal\/ribadeando\/wp-json\/wp\/v2\/posts"}],"about":[{"href":"https:\/\/blogs.amarinha.gal\/ribadeando\/wp-json\/wp\/v2\/types\/post"}],"author":[{"embeddable":true,"href":"https:\/\/blogs.amarinha.gal\/ribadeando\/wp-json\/wp\/v2\/users\/3"}],"replies":[{"embeddable":true,"href":"https:\/\/blogs.amarinha.gal\/ribadeando\/wp-json\/wp\/v2\/comments?post=6824"}],"version-history":[{"count":0,"href":"https:\/\/blogs.amarinha.gal\/ribadeando\/wp-json\/wp\/v2\/posts\/6824\/revisions"}],"wp:attachment":[{"href":"https:\/\/blogs.amarinha.gal\/ribadeando\/wp-json\/wp\/v2\/media?parent=6824"}],"wp:term":[{"taxonomy":"category","embeddable":true,"href":"https:\/\/blogs.amarinha.gal\/ribadeando\/wp-json\/wp\/v2\/categories?post=6824"},{"taxonomy":"post_tag","embeddable":true,"href":"https:\/\/blogs.amarinha.gal\/ribadeando\/wp-json\/wp\/v2\/tags?post=6824"}],"curies":[{"name":"wp","href":"https:\/\/api.w.org\/{rel}","templated":true}]}}