{"id":6815,"date":"2014-07-29T23:01:00","date_gmt":"2014-07-29T21:01:00","guid":{"rendered":""},"modified":"2024-11-12T14:09:33","modified_gmt":"2024-11-12T13:09:33","slug":"vaites-se-hai-pleno","status":"publish","type":"post","link":"https:\/\/blogs.amarinha.gal\/ribadeando\/2014\/07\/29\/vaites-se-hai-pleno\/","title":{"rendered":"Vaites, se hai pleno!"},"content":{"rendered":"<p>Collo e miro na <a href=\"http:\/\/ribadeo.org\/\">p\u00e1xina do concello<\/a>.<\/p>\n<p>Atopo 29\/07\/14-Festa do percebe de Rinlo; 28\/07\/14-Media marat\u00f3n en Ribadeo, 28\/07\/14-Adeus \u00e1s actividades de ver\u00e1n para @s nen@s; 25\/07\/14-Aceite usado; 23\/07\/14-Visitas teatralizadas, e m\u00e1is cousas anteriores.<\/p>\n<p>Nos xornais tampouco atopo nada a primeira vista. E, nembargantes, agora debe estar habendo un pleno (se non rematou xa), cunha orde do d\u00eda que non te\u00f1o nin sei como conseguir agora, e da que \u00f3 mellor me entero en parte a partir de ma\u00f1\u00e1 pla prensa que reproducir\u00e1 b\u00e1sicamente a nota de prensa do concello e as declaraci\u00f3ns dalg\u00fan membro da oposici\u00f3n en relaci\u00f3n a alg\u00fan punto controvertido, en xeral centr\u00e1ndose na controversia e non no significado conxunto para poder entendela, xa que non participar.<br \/>\nPor que me atopo as\u00ed? Pois por unha entrada dun concelleiro en facebook dende o pleno onde di que o punto m\u00e1is importante \u00e9 o orzamento.<\/p>\n<p>Participaci\u00f3n da xente? Que?<\/p>\n<p>O orzamento (e o m\u00e1is que se trate) polo que parece non vai moito connosco, como se fora un &#8216;rozamento&#8217; e punto. Si, iso, unha &#8216;fricci\u00f3n&#8217; co pobo rematar\u00e1 sendo que haxa unha casta de decisores e un resto de apartados.<\/p>\n<p>Ben, xa veremos de que se tratou e como foi a cousa cando os &#8216;decisores&#8217; se dignen a comunicar o que lles pareza ben. Mentras, n\u00f3s \u00f3 noso&#8230; que era &#8216;o noso&#8217;?<\/p>\n","protected":false},"excerpt":{"rendered":"<p>Collo e miro na p\u00e1xina do concello. Atopo 29\/07\/14-Festa do percebe de Rinlo; 28\/07\/14-Media marat\u00f3n en Ribadeo, 28\/07\/14-Adeus \u00e1s actividades de ver\u00e1n para @s nen@s; 25\/07\/14-Aceite usado; 23\/07\/14-Visitas teatralizadas, e m\u00e1is cousas anteriores. Nos xornais tampouco atopo nada a primeira vista. E, nembargantes, agora debe estar habendo un pleno (se non rematou xa), cunha orde [&hellip;]<\/p>\n","protected":false},"author":3,"featured_media":0,"comment_status":"open","ping_status":"closed","sticky":false,"template":"","format":"standard","meta":{"activitypub_content_warning":"","activitypub_content_visibility":"","activitypub_max_image_attachments":3,"activitypub_interaction_policy_quote":"anyone","activitypub_status":"federated","footnotes":""},"categories":[1],"tags":[10,18,61,42,13,9],"class_list":["post-6815","post","type-post","status-publish","format-standard","hentry","category-sen-categoria","tag-cultura","tag-educacion","tag-orzamentos","tag-plenos","tag-politica","tag-sociedade"],"_links":{"self":[{"href":"https:\/\/blogs.amarinha.gal\/ribadeando\/wp-json\/wp\/v2\/posts\/6815","targetHints":{"allow":["GET"]}}],"collection":[{"href":"https:\/\/blogs.amarinha.gal\/ribadeando\/wp-json\/wp\/v2\/posts"}],"about":[{"href":"https:\/\/blogs.amarinha.gal\/ribadeando\/wp-json\/wp\/v2\/types\/post"}],"author":[{"embeddable":true,"href":"https:\/\/blogs.amarinha.gal\/ribadeando\/wp-json\/wp\/v2\/users\/3"}],"replies":[{"embeddable":true,"href":"https:\/\/blogs.amarinha.gal\/ribadeando\/wp-json\/wp\/v2\/comments?post=6815"}],"version-history":[{"count":0,"href":"https:\/\/blogs.amarinha.gal\/ribadeando\/wp-json\/wp\/v2\/posts\/6815\/revisions"}],"wp:attachment":[{"href":"https:\/\/blogs.amarinha.gal\/ribadeando\/wp-json\/wp\/v2\/media?parent=6815"}],"wp:term":[{"taxonomy":"category","embeddable":true,"href":"https:\/\/blogs.amarinha.gal\/ribadeando\/wp-json\/wp\/v2\/categories?post=6815"},{"taxonomy":"post_tag","embeddable":true,"href":"https:\/\/blogs.amarinha.gal\/ribadeando\/wp-json\/wp\/v2\/tags?post=6815"}],"curies":[{"name":"wp","href":"https:\/\/api.w.org\/{rel}","templated":true}]}}