{"id":6812,"date":"2014-08-05T09:03:00","date_gmt":"2014-08-05T07:03:00","guid":{"rendered":""},"modified":"2024-11-12T14:09:28","modified_gmt":"2024-11-12T13:09:28","slug":"limites","status":"publish","type":"post","link":"https:\/\/blogs.amarinha.gal\/ribadeando\/2014\/08\/05\/limites\/","title":{"rendered":"L\u00edmites"},"content":{"rendered":"<p>Hai pouco tempo atopei unha pequena comitiva de xente do concello que estaba a discutir sobre unha extensi\u00f3n na r\u00faa dun local. \u00d3 d\u00eda seguinte atop\u00e1banse as terrazas da zona centro limitadas por esquinas pintadas no chan.<\/p>\n<p><a href=\"https:\/\/blogger.googleusercontent.com\/img\/b\/R29vZ2xl\/AVvXsEin_iVfi2g4XBkW7rxubfHBDI5Mc_tWVEDYO53mHkaphfIQIogZ5_rZxvVuKevxIJxRvu48mLryPCYmeORurwFRVEUYRLZtMrC97m08U2-PqAzXYalkcMHoE52d_wXDbLCyPC-P1A\/s2048\/%C3%A1ngulo.jpg\" imageanchor=\"1\" style=\"margin-left: 1em; margin-right: 1em;\"><img loading=\"lazy\" decoding=\"async\" src=\"https:\/\/blogger.googleusercontent.com\/img\/b\/R29vZ2xl\/AVvXsEin_iVfi2g4XBkW7rxubfHBDI5Mc_tWVEDYO53mHkaphfIQIogZ5_rZxvVuKevxIJxRvu48mLryPCYmeORurwFRVEUYRLZtMrC97m08U2-PqAzXYalkcMHoE52d_wXDbLCyPC-P1A\/s2048\/%C3%A1ngulo.jpg\" height=\"240\" width=\"320\" \/><\/a><\/p>\n<p>Dende que veu algo de bo tempo l\u00e9vanse escoitando queixas sobre o espazo libre para circular polas r\u00faas. Estas pintadas acotan o terreo e axudan \u00e1 delimitaci\u00f3n, \u00f3 tempo que facilitan ver se se transgrede o l\u00edmite ou non. Non me lembro de telas visto antes en Ribadeo aplicadas \u00e1 hostaler\u00eda (si no mercado limitando os postos), a\u00ednda que auguro que ter\u00e1n longa vida e mesmo que poidan no futuro non s\u00f3 ter un l\u00edmite en \u00e1ngulo sen\u00f3n tam\u00e9n toda a li\u00f1a do cadro alugado a cada establecemento.<\/p>\n<p>Hai anos (5!), O Tes\u00f3n xa ti\u00f1a feito algunha pregunta \u00f3 pleno sobre o tema, e dende aquela non mellorou moito o tema:<\/p>\n<p><a href=\"http:\/\/ribadeando.blogspot.com.es\/2011\/09\/20110919-pleno-i.html\" target=\"_blank\" rel=\"noopener\">2011<\/a> <\/p>\n<p><a href=\"http:\/\/ribadeando.blogspot.com.es\/2009\/06\/ribadeo-okupa.html\" target=\"_blank\" rel=\"noopener\">2009<\/a><\/p>\n","protected":false},"excerpt":{"rendered":"<p>Hai pouco tempo atopei unha pequena comitiva de xente do concello que estaba a discutir sobre unha extensi\u00f3n na r\u00faa dun local. \u00d3 d\u00eda seguinte atop\u00e1banse as terrazas da zona centro limitadas por esquinas pintadas no chan. Dende que veu algo de bo tempo l\u00e9vanse escoitando queixas sobre o espazo libre para circular polas r\u00faas. [&hellip;]<\/p>\n","protected":false},"author":3,"featured_media":0,"comment_status":"open","ping_status":"closed","sticky":false,"template":"","format":"standard","meta":{"activitypub_content_warning":"","activitypub_content_visibility":"","activitypub_max_image_attachments":3,"activitypub_interaction_policy_quote":"anyone","activitypub_status":"federated","footnotes":""},"categories":[1],"tags":[9],"class_list":["post-6812","post","type-post","status-publish","format-standard","hentry","category-sen-categoria","tag-sociedade"],"_links":{"self":[{"href":"https:\/\/blogs.amarinha.gal\/ribadeando\/wp-json\/wp\/v2\/posts\/6812","targetHints":{"allow":["GET"]}}],"collection":[{"href":"https:\/\/blogs.amarinha.gal\/ribadeando\/wp-json\/wp\/v2\/posts"}],"about":[{"href":"https:\/\/blogs.amarinha.gal\/ribadeando\/wp-json\/wp\/v2\/types\/post"}],"author":[{"embeddable":true,"href":"https:\/\/blogs.amarinha.gal\/ribadeando\/wp-json\/wp\/v2\/users\/3"}],"replies":[{"embeddable":true,"href":"https:\/\/blogs.amarinha.gal\/ribadeando\/wp-json\/wp\/v2\/comments?post=6812"}],"version-history":[{"count":0,"href":"https:\/\/blogs.amarinha.gal\/ribadeando\/wp-json\/wp\/v2\/posts\/6812\/revisions"}],"wp:attachment":[{"href":"https:\/\/blogs.amarinha.gal\/ribadeando\/wp-json\/wp\/v2\/media?parent=6812"}],"wp:term":[{"taxonomy":"category","embeddable":true,"href":"https:\/\/blogs.amarinha.gal\/ribadeando\/wp-json\/wp\/v2\/categories?post=6812"},{"taxonomy":"post_tag","embeddable":true,"href":"https:\/\/blogs.amarinha.gal\/ribadeando\/wp-json\/wp\/v2\/tags?post=6812"}],"curies":[{"name":"wp","href":"https:\/\/api.w.org\/{rel}","templated":true}]}}