{"id":6806,"date":"2014-08-11T10:15:00","date_gmt":"2014-08-11T08:15:00","guid":{"rendered":""},"modified":"2024-11-12T14:09:18","modified_gmt":"2024-11-12T13:09:18","slug":"sobre-o-edificio-da-praza-de-espana-en","status":"publish","type":"post","link":"https:\/\/blogs.amarinha.gal\/ribadeando\/2014\/08\/11\/sobre-o-edificio-da-praza-de-espana-en\/","title":{"rendered":"Sobre o edificio da Praza de Espa\u00f1a en demolici\u00f3n (edificio do bar Cubano)"},"content":{"rendered":"<p>Hai alg\u00fan tempo os ribadenses recibimos con sorpresa que un edificio da Praza de Espa\u00f1a, o que ocupaba a tenda de Solloso, se ti\u00f1a vendido a Celso Dourado. Coido que a acollida, xunto cos planes de facer algo que poder\u00eda ser un museo, foi positiva.<\/p>\n<p>\u00d3s poucos d\u00edas de enterarme, observei como comezaban a traballar xusto na casa da s\u00faa beira, a que antes ocupaba o cubano e con un pequeno e curioso soportal en mal estado. Con posterioridade, completouse a demolici\u00f3n e tam\u00e9n me chegou que \u00e9 propiedade de <a href=\"http:\/\/ribadeando.blogspot.com.es\/2013\/10\/de-gatos-cactus-sombras.html\" target=\"_blank\" rel=\"noopener\">Paisajes de Asturias<\/a>, a mesma empresa que en Ribadeo mercou tanto boa parte da Torre dos Moreno como a Casa dos Perecitos (r\/viejo Pancho e Pza. de \u00c1lvarez Miranda) e o Cine da Praza de Abaixo, as d\u00faas primeiras con obras en diversos estado na actualidade e a primeira con destino predito cara a hotel e a segunda cara a vivendas. Empresa relacionada mediante a propiedade co <a href=\"http:\/\/ribadeando.blogspot.com.es\/2013\/10\/de-gatos-cactus-sombras.html\" target=\"_blank\" rel=\"noopener\">Grupo Capio, como especifiquei no seu d\u00eda<\/a>.<\/p>\n<p>Nunha ma\u00f1\u00e1 de luns luminosa coma esta, ocorriuseme ver como estaba o <a href=\"https:\/\/onedrive.live.com\/view.aspx?cid=E5F64A4D6DC9018D&amp;resid=E5F64A4D6DC9018D!746&amp;app=WordPdf&amp;authkey=!AB4u_nCsi1ZsqYI\" target=\"_blank\" rel=\"noopener\">edificio do Cubano no PEPRICH<\/a>. A toma de pantalla correspondente centrada no edificio \u00e9 esta (limitado por a praza de Espa\u00f1a por diante, o edificio das galer\u00edas da r\/Villafrande del Bierzo por detr\u00e1s do terreo-xard\u00edn, Casa Maseda pola beira suroeste -na imaxe, cun circuli\u00f1o na fachada indicando o escudo que ten coa ref. HE32- e a antiga Casa Solloso polo norleste, con algo m\u00e1is de 19 m de diante atr\u00e1s e de 195 m<sup>2<\/sup> constru\u00eddos de planta):<\/p>\n<p><a href=\"https:\/\/blogger.googleusercontent.com\/img\/b\/R29vZ2xl\/AVvXsEjfnQcfomjH1fxFy9gsPwaHNsg5KR7PzIWtcOooneCYiSLczOtuh5uJtSK64YsCCPDeotZhWyrT7A8QAtc1SW9uQ3Hk5QIjFODGlRVPUoCJL1vUsIlp_p9UnPLL9bTrqbJA9NjB-A\/s2048\/Cubano.jpg\" imageanchor=\"1\" style=\"margin-left: 1em; margin-right: 1em;\"><img loading=\"lazy\" decoding=\"async\" height=\"218\" src=\"https:\/\/blogger.googleusercontent.com\/img\/b\/R29vZ2xl\/AVvXsEjfnQcfomjH1fxFy9gsPwaHNsg5KR7PzIWtcOooneCYiSLczOtuh5uJtSK64YsCCPDeotZhWyrT7A8QAtc1SW9uQ3Hk5QIjFODGlRVPUoCJL1vUsIlp_p9UnPLL9bTrqbJA9NjB-A\/s2048\/Cubano.jpg\" width=\"640\" \/><\/a><\/p>\n<p>Corresponde, segundo a lenda do mapa, a Catalogaci\u00f3n de edificaci\u00f3n como estrutural, B.I.C e grao III de protecci\u00f3n. Obs\u00e9rvase que por tras ten un patio (en gris) cunha \u00e1rbore.<\/p>\n<p>Ben, o Peprich est\u00e1 en aprobaci\u00f3n inicial, e a secuencia destes \u00faltimos tempos do edificio \u00e9 a seguinte:<\/p>\n<p>29 de xullo:<\/p>\n<p><a href=\"https:\/\/blogger.googleusercontent.com\/img\/b\/R29vZ2xl\/AVvXsEjvUQAKaJdT2yYVvCmQsV5Isyup1rMCPZDHqhE8LHKTL4xyHwGvehzCtm0p9952B_RhxFdqkYKIjqOUYOShhkMbJM8KXfZRx3ncvHMzivLga6ggsl_ooquY3CroyuGz2A-2LF28Eg\/s2048\/Cubano+1.jpg\" imageanchor=\"1\" style=\"margin-left: 1em; margin-right: 1em;\"><img loading=\"lazy\" decoding=\"async\" height=\"640\" src=\"https:\/\/blogger.googleusercontent.com\/img\/b\/R29vZ2xl\/AVvXsEjvUQAKaJdT2yYVvCmQsV5Isyup1rMCPZDHqhE8LHKTL4xyHwGvehzCtm0p9952B_RhxFdqkYKIjqOUYOShhkMbJM8KXfZRx3ncvHMzivLga6ggsl_ooquY3CroyuGz2A-2LF28Eg\/s2048\/Cubano+1.jpg\" width=\"396\" \/><\/a><\/p>\n<p>3 de agosto, onde se apreza ben a altura e perfil do tellado:<\/p>\n<p><a href=\"https:\/\/blogger.googleusercontent.com\/img\/b\/R29vZ2xl\/AVvXsEi3aFi2-8QbNFGPJ3urriOBECshOVfSGk-vkvqXZysKHfZGaPayPJlrGLCvCODse1DIvaafiYqJLTtxxoPcy1RSwXIzxy8fhcfCB1PMQLv-upgdm4fUeERn0McxmtDNWEODrP1OOg\/s2048\/Cubano+2.jpg\" imageanchor=\"1\" style=\"margin-left: 1em; margin-right: 1em;\"><img loading=\"lazy\" decoding=\"async\" height=\"480\" src=\"https:\/\/blogger.googleusercontent.com\/img\/b\/R29vZ2xl\/AVvXsEi3aFi2-8QbNFGPJ3urriOBECshOVfSGk-vkvqXZysKHfZGaPayPJlrGLCvCODse1DIvaafiYqJLTtxxoPcy1RSwXIzxy8fhcfCB1PMQLv-upgdm4fUeERn0McxmtDNWEODrP1OOg\/s2048\/Cubano+2.jpg\" width=\"640\" \/><\/a><\/p>\n<p>6 de agosto (onde se apreza o muro traseiro e a medianeira):<\/p>\n<p><a href=\"https:\/\/blogger.googleusercontent.com\/img\/b\/R29vZ2xl\/AVvXsEh6iBTxQJKGlXdnIxQNf3mfzMHD0eCHctRnAQlO7GmvFyNsh9lRuUcLsTxQhYYrvCw_b0gdunQj5Vnhfe6q_AqGfnkXMb2Wrfv0Y3QVfuJ92XbhXL256L2b4YhLNYNzQzwKIPIhCA\/s2048\/Cubano+3a.jpg\" imageanchor=\"1\" style=\"margin-left: 1em; margin-right: 1em;\"><img loading=\"lazy\" decoding=\"async\" height=\"640\" src=\"https:\/\/blogger.googleusercontent.com\/img\/b\/R29vZ2xl\/AVvXsEh6iBTxQJKGlXdnIxQNf3mfzMHD0eCHctRnAQlO7GmvFyNsh9lRuUcLsTxQhYYrvCw_b0gdunQj5Vnhfe6q_AqGfnkXMb2Wrfv0Y3QVfuJ92XbhXL256L2b4YhLNYNzQzwKIPIhCA\/s2048\/Cubano+3a.jpg\" width=\"480\" \/><\/a><\/p>\n<p><a href=\"https:\/\/blogger.googleusercontent.com\/img\/b\/R29vZ2xl\/AVvXsEgt2pExTfvIU0z-iLywtrPfCQI-VSNHTwSW4Xq1sJZUJSnXjaAYTuM5P98T9YcfIn1jv8deO-NjNYEwvlOR49GcRfzOCCAMtbYlqw9XmHjDagGOPWBTqBsjIOomAlO4dHyaH6mEjQ\/s2048\/Cubano+3b.jpg\" imageanchor=\"1\" style=\"margin-left: 1em; margin-right: 1em;\"><img loading=\"lazy\" decoding=\"async\" height=\"640\" src=\"https:\/\/blogger.googleusercontent.com\/img\/b\/R29vZ2xl\/AVvXsEgt2pExTfvIU0z-iLywtrPfCQI-VSNHTwSW4Xq1sJZUJSnXjaAYTuM5P98T9YcfIn1jv8deO-NjNYEwvlOR49GcRfzOCCAMtbYlqw9XmHjDagGOPWBTqBsjIOomAlO4dHyaH6mEjQ\/s2048\/Cubano+3b.jpg\" width=\"480\" \/><\/a><\/p>\n<p>7 de agosto, xa sen medianeira nin soportal, e co muro traseiro medio derru\u00eddo:<\/p>\n<p><a href=\"https:\/\/blogger.googleusercontent.com\/img\/b\/R29vZ2xl\/AVvXsEhC5zHB1ZfWrh5MRJBrNeAXyw3YdfIglz6p5aghKDgFgdKH2GxfTlJluLNAIut_m53Zg6UgrXvIMIUEaV-ZdwAJUG-tNzou5IRNwV40A_ONc-vddxVcknvLToUCKFBEwDJ_3yoSkA\/s2048\/Cubano+4.jpg\" imageanchor=\"1\" style=\"margin-left: 1em; margin-right: 1em;\"><img loading=\"lazy\" decoding=\"async\" height=\"640\" src=\"https:\/\/blogger.googleusercontent.com\/img\/b\/R29vZ2xl\/AVvXsEhC5zHB1ZfWrh5MRJBrNeAXyw3YdfIglz6p5aghKDgFgdKH2GxfTlJluLNAIut_m53Zg6UgrXvIMIUEaV-ZdwAJUG-tNzou5IRNwV40A_ONc-vddxVcknvLToUCKFBEwDJ_3yoSkA\/s2048\/Cubano+4.jpg\" width=\"480\" \/><\/a><\/p>\n<p>Hoxe \u00e9 luns e a foto ser\u00eda sen parede do fondo. Segue estando claro a superficie constru\u00edda con anterioridade e prevista no PEPRICH, as\u00ed como a altura previa. No cartel da \u00faltima foto obs\u00e9rvase ademais o destino do edificio: vivendas (5, o que parece abondo) e local comercial.<\/p>\n<p>&#8212;<\/p>\n<p>Nota (2016): Grupo Capio = IDC Sanidad = Cl\u00ednicas Quir\u00f3n <\/p>\n","protected":false},"excerpt":{"rendered":"<p>Hai alg\u00fan tempo os ribadenses recibimos con sorpresa que un edificio da Praza de Espa\u00f1a, o que ocupaba a tenda de Solloso, se ti\u00f1a vendido a Celso Dourado. Coido que a acollida, xunto cos planes de facer algo que poder\u00eda ser un museo, foi positiva. \u00d3s poucos d\u00edas de enterarme, observei como comezaban a traballar [&hellip;]<\/p>\n","protected":false},"author":3,"featured_media":0,"comment_status":"open","ping_status":"closed","sticky":false,"template":"","format":"standard","meta":{"activitypub_content_warning":"","activitypub_content_visibility":"","activitypub_max_image_attachments":3,"activitypub_interaction_policy_quote":"anyone","activitypub_status":"federated","footnotes":""},"categories":[1],"tags":[65,58],"class_list":["post-6806","post","type-post","status-publish","format-standard","hentry","category-sen-categoria","tag-arquitectura","tag-torre-dos-moreno"],"_links":{"self":[{"href":"https:\/\/blogs.amarinha.gal\/ribadeando\/wp-json\/wp\/v2\/posts\/6806","targetHints":{"allow":["GET"]}}],"collection":[{"href":"https:\/\/blogs.amarinha.gal\/ribadeando\/wp-json\/wp\/v2\/posts"}],"about":[{"href":"https:\/\/blogs.amarinha.gal\/ribadeando\/wp-json\/wp\/v2\/types\/post"}],"author":[{"embeddable":true,"href":"https:\/\/blogs.amarinha.gal\/ribadeando\/wp-json\/wp\/v2\/users\/3"}],"replies":[{"embeddable":true,"href":"https:\/\/blogs.amarinha.gal\/ribadeando\/wp-json\/wp\/v2\/comments?post=6806"}],"version-history":[{"count":0,"href":"https:\/\/blogs.amarinha.gal\/ribadeando\/wp-json\/wp\/v2\/posts\/6806\/revisions"}],"wp:attachment":[{"href":"https:\/\/blogs.amarinha.gal\/ribadeando\/wp-json\/wp\/v2\/media?parent=6806"}],"wp:term":[{"taxonomy":"category","embeddable":true,"href":"https:\/\/blogs.amarinha.gal\/ribadeando\/wp-json\/wp\/v2\/categories?post=6806"},{"taxonomy":"post_tag","embeddable":true,"href":"https:\/\/blogs.amarinha.gal\/ribadeando\/wp-json\/wp\/v2\/tags?post=6806"}],"curies":[{"name":"wp","href":"https:\/\/api.w.org\/{rel}","templated":true}]}}