{"id":6804,"date":"2014-08-16T23:17:00","date_gmt":"2014-08-16T21:17:00","guid":{"rendered":""},"modified":"2024-11-12T14:09:15","modified_gmt":"2024-11-12T13:09:15","slug":"pensamentos-lixeiros-para-agosto","status":"publish","type":"post","link":"https:\/\/blogs.amarinha.gal\/ribadeando\/2014\/08\/16\/pensamentos-lixeiros-para-agosto\/","title":{"rendered":"Pensamentos lixeiros para agosto: Ribadeo, capital real"},"content":{"rendered":"<p>Xa pasou.&nbsp; A representaci\u00f3n m\u00e1is destacada das representadas este ver\u00e1n en Ribadeo foi, para min, o &#8216;caso visita &#8220;reaal&#8221;&#8216;. Unha sorte para o alcalde que a cousa tivera d\u00faas verquentes. Unha, a relacionada coa casa real, o uso e abuso do seu nome e cousas relacionadas. A outra, a ribadense. Coido que non somos minor\u00eda os ribadenses que non entendemos a visita realizada polo alcalde \u00f3 restaurante onde &#8216;presuntamente poder\u00eda&#8217; estar algu\u00e9n da casa real.<\/p>\n<p>Os razonamentos son variados. No meu caso, entendo que se o rei (ou quen fose) vi\u00f1era e quixera visita, avisar\u00eda. E se non a quixera, \u00e9 unha impertinencia o facela.<\/p>\n<p>Iso, en canto \u00e1 cousa en abstracto. A elo hai que sumarlle que se percibe que as ideas do alcalde non van coa monarqu\u00eda. E, polo tanto, ir al\u00ed \u00e9 percibido como un rebaixe persoal de algu\u00e9n que, polo seu cargo, \u00e9 un estandarte do pobo.<\/p>\n<p>En fin, supo\u00f1o que haber\u00e1 moitas outras sensibilidades en sentido contrario&#8230;<\/p>\n","protected":false},"excerpt":{"rendered":"<p>Xa pasou.&nbsp; A representaci\u00f3n m\u00e1is destacada das representadas este ver\u00e1n en Ribadeo foi, para min, o &#8216;caso visita &#8220;reaal&#8221;&#8216;. Unha sorte para o alcalde que a cousa tivera d\u00faas verquentes. Unha, a relacionada coa casa real, o uso e abuso do seu nome e cousas relacionadas. A outra, a ribadense. Coido que non somos minor\u00eda [&hellip;]<\/p>\n","protected":false},"author":3,"featured_media":0,"comment_status":"open","ping_status":"closed","sticky":false,"template":"","format":"standard","meta":{"activitypub_content_warning":"","activitypub_content_visibility":"","activitypub_max_image_attachments":3,"activitypub_interaction_policy_quote":"anyone","activitypub_status":"federated","footnotes":""},"categories":[1],"tags":[13],"class_list":["post-6804","post","type-post","status-publish","format-standard","hentry","category-sen-categoria","tag-politica"],"_links":{"self":[{"href":"https:\/\/blogs.amarinha.gal\/ribadeando\/wp-json\/wp\/v2\/posts\/6804","targetHints":{"allow":["GET"]}}],"collection":[{"href":"https:\/\/blogs.amarinha.gal\/ribadeando\/wp-json\/wp\/v2\/posts"}],"about":[{"href":"https:\/\/blogs.amarinha.gal\/ribadeando\/wp-json\/wp\/v2\/types\/post"}],"author":[{"embeddable":true,"href":"https:\/\/blogs.amarinha.gal\/ribadeando\/wp-json\/wp\/v2\/users\/3"}],"replies":[{"embeddable":true,"href":"https:\/\/blogs.amarinha.gal\/ribadeando\/wp-json\/wp\/v2\/comments?post=6804"}],"version-history":[{"count":0,"href":"https:\/\/blogs.amarinha.gal\/ribadeando\/wp-json\/wp\/v2\/posts\/6804\/revisions"}],"wp:attachment":[{"href":"https:\/\/blogs.amarinha.gal\/ribadeando\/wp-json\/wp\/v2\/media?parent=6804"}],"wp:term":[{"taxonomy":"category","embeddable":true,"href":"https:\/\/blogs.amarinha.gal\/ribadeando\/wp-json\/wp\/v2\/categories?post=6804"},{"taxonomy":"post_tag","embeddable":true,"href":"https:\/\/blogs.amarinha.gal\/ribadeando\/wp-json\/wp\/v2\/tags?post=6804"}],"curies":[{"name":"wp","href":"https:\/\/api.w.org\/{rel}","templated":true}]}}