{"id":6789,"date":"2014-08-29T10:48:00","date_gmt":"2014-08-29T08:48:00","guid":{"rendered":""},"modified":"2024-11-12T14:08:43","modified_gmt":"2024-11-12T13:08:43","slug":"para-unha-plataforma-cidada-de-cara-as","status":"publish","type":"post","link":"https:\/\/blogs.amarinha.gal\/ribadeando\/2014\/08\/29\/para-unha-plataforma-cidada-de-cara-as\/","title":{"rendered":"Para unha plataforma cidad\u00e1 de cara \u00e1s municipais en Ribadeo"},"content":{"rendered":"<p>A\u00ednda que ando polo tema, non asumo \u00f3 100% a seguinte &#8216;reflexi\u00f3n persoal&#8217; (coido que ten algunha incorrecci\u00f3n involuntaria) pero si no fundamental. Chegoume hoxe \u00f3 correo, e hoxe a distrib\u00fao:<\/p>\n<p>&#8221;<\/p>\n<p class=\"yiv2297781284\" id=\"yui_3_16_0_1_1409301763900_9837\"><span class=\"yiv2297781284\" id=\"yui_3_16_0_1_1409301763900_9836\">Ola<br \/>\n a todos. Escr\u00edbovos esta reflexi\u00f3n persoal co obxecto de animarvos a<br \/>\nasistir ao nacemento da Plataforma Cidad\u00e1 cara \u00e1s elecci\u00f3ns municipais<br \/>\nde Ribadeo.<\/span><\/p>\n<p class=\"yiv2297781284\" id=\"yui_3_16_0_1_1409301763900_9815\"><span class=\"yiv2297781284\"><br class=\"yiv2297781284\" \/><\/span><\/p>\n<p class=\"yiv2297781284\" id=\"yui_3_16_0_1_1409301763900_9820\"><span class=\"yiv2297781284\" id=\"yui_3_16_0_1_1409301763900_9819\"><br \/>\n O vindeiro ano c\u00famprense catro anos do nacemento do 15M, un movemento<br \/>\nque acadou a simpat\u00eda do 70% da poboaci\u00f3n segundo as enquisas, ou sexa<br \/>\ndunha maior\u00eda superior aos 2\/3, que de ocupar as instituci\u00f3ns poder\u00eda<br \/>\nmudar a<br \/>\n Constituci\u00f3n por si mesma para po\u00f1ela ao servizo da cidadan\u00eda.<\/span><\/p>\n<p class=\"yiv2297781284\" id=\"yui_3_16_0_1_1409301763900_9835\"><br class=\"yiv2297781284\" \/><\/p>\n<p class=\"yiv2297781284\" id=\"yui_3_16_0_1_1409301763900_9841\"><span class=\"yiv2297781284\" id=\"yui_3_16_0_1_1409301763900_9840\">Os<br \/>\n consensos do 15M sobre transparencia, participaci\u00f3n, loita contra a<br \/>\ncorrupci\u00f3n ou pola defensa dos servizos p\u00fablicos e dos dereitos cidad\u00e1ns<br \/>\n foron doados de acadar. Por\u00e9n, o debate nas asembleas foi continuo<br \/>\nsobre se proced\u00eda ou non entrar na loita pol\u00edtica polas instituci\u00f3ns.&nbsp;<\/span><\/p>\n<p class=\"yiv2297781284\" id=\"yui_3_16_0_1_1409301763900_9842\"><br class=\"yiv2297781284\" \/><\/p>\n<p class=\"yiv2297781284\" id=\"yui_3_16_0_1_1409301763900_9822\"><span class=\"yiv2297781284\" id=\"yui_3_16_0_1_1409301763900_9821\">Desde<br \/>\n ent\u00f3n, alg\u00fans de n\u00f3s demos o paso de non votar a comezar a votar, de<br \/>\nnon interesarnos pola pol\u00edtica a presentarnos nunhas elecci\u00f3ns con<br \/>\npartidos de esquerda transformadora coaligados en AGE acadando bos<br \/>\nresultados. Nas pasadas europeas, unha segunda onda de indignaci\u00f3n levou<br \/>\n a Podemos ao Parlamento Europeo cuns bos resultados en todo o Estado.<br \/>\nUns e outros levaron a voz da indignaci\u00f3n \u00e1s instituci\u00f3ns, pero est\u00e1n<br \/>\nlonxe de acadar o poder nelas.<\/span><\/p>\n<p class=\"yiv2297781284\" id=\"yui_3_16_0_1_1409301763900_9843\"><br class=\"yiv2297781284\" \/><\/p>\n<p class=\"yiv2297781284\" id=\"yui_3_16_0_1_1409301763900_9824\"><span class=\"yiv2297781284\" id=\"yui_3_16_0_1_1409301763900_9823\">As<br \/>\n vindeiras elecci\u00f3ns municipais constit\u00faen unha nova oportunidade, e ao<br \/>\nnoso sentir, cumpre seguir afondando no achegamento da f\u00f3rmula de<br \/>\nrepresentaci\u00f3n \u00e1 cidadan\u00eda. O pasado luns un grupo de veci\u00f1os (xente do<br \/>\ncom\u00fan, alg\u00fans do Sindicato Labrego, outros do Tes\u00f3n, de Amarante, da<br \/>\nPlataforma pola Defensa da R\u00eda, de Podemos Ribadeo, de Espazo<br \/>\nEcosocialista, de ANOVA, e outros de nada) decidimos apoiar o nacemento<br \/>\ndunha Agrupaci\u00f3n de Electores cara a obter o Concello de Ribadeo para<br \/>\nque sexa xestionado directamente polos veci\u00f1os. Ser\u00e1 o martes 2 de<br \/>\nsetembro \u00e1s 20:30 no Cant\u00f3n Bar.<\/span><\/p>\n<p class=\"yiv2297781284\" id=\"yui_3_16_0_1_1409301763900_9825\"><span class=\"yiv2297781284\"><br class=\"yiv2297781284\" \/><\/span><\/p>\n<p class=\"yiv2297781284\" id=\"yui_3_16_0_1_1409301763900_9827\"><span class=\"yiv2297781284\" id=\"yui_3_16_0_1_1409301763900_9826\">(Sen<br \/>\n que te\u00f1a isto unha relevancia grande, dicir que esta opci\u00f3n \u00e9 apoiada<br \/>\ntanto polos grupos pol\u00edticos que conforman AGE como pola direcci\u00f3n de<br \/>\nPodemos, polo que de ir adiante a Plataforma, probablemente estas<br \/>\nformaci\u00f3ns non presentar\u00e1n candidatura \u00e1s municipais no Concello de<br \/>\nRibadeo.)<\/span><\/p>\n<p class=\"yiv2297781284\"><br class=\"yiv2297781284\" \/><\/p>\n<p class=\"yiv2297781284\" id=\"yui_3_16_0_1_1409301763900_9829\"><span class=\"yiv2297781284\" id=\"yui_3_16_0_1_1409301763900_9828\">Pensamos que a necesidade da<br \/>\n transformaci\u00f3n dos modos de gobernar Ribadeo \u00e9 evidente: <\/span><\/p>\n<p class=\"yiv2297781284\"><br class=\"yiv2297781284\" \/><\/p>\n<p class=\"yiv2297781284\" id=\"yui_3_16_0_1_1409301763900_9830\">&#8211;<br \/>\n Hai que rachar co clientelismo: non pode ser que a cidadan\u00eda siga a<br \/>\npedir favores ao alcalde a cambio do voto. As decisi\u00f3ns sobre o que se<br \/>\nfai -quen recibe axudas, que pistas se ama\u00f1an ou rozan, etc.- deben ser<br \/>\ntomadas polos veci\u00f1os de xeito transparente e empregando criterios<br \/>\nclaros e acordados por eles, e non depender da amizade que te\u00f1an co<br \/>\nconcelleiro de quenda.<\/p>\n<p class=\"yiv2297781284\"><br class=\"yiv2297781284\" \/><\/p>\n<p class=\"yiv2297781284\">&#8211;<br \/>\n Hai que eliminar os ni\u00f1os da corrupci\u00f3n: a corrupci\u00f3n beneficia a quen<br \/>\ndecide e a quen suborna, a costa do interese de todos os veci\u00f1os. Para<br \/>\nloitar contra ela a transparencia \u00e9 a \u00fanica ferramenta. S\u00f3 se son os<br \/>\nmesmos veci\u00f1os que gobernan Ribadeo se po\u00f1er\u00e1n as medidas precisas para<br \/>\nque non queden espazos escuros para \u00e1 arbitrariedade. Recentes novas<br \/>\nte\u00f1en demostrada a incapacidade ou falla de vontade do goberno actual<br \/>\npara acabar con estas pr\u00e1cticas.<\/p>\n<p class=\"yiv2297781284\"><br class=\"yiv2297781284\" \/><\/p>\n<p class=\"yiv2297781284\" id=\"yui_3_16_0_1_1409301763900_9831\">&#8211;<br \/>\n Hai que dar protagonismo \u00e1s asociaci\u00f3ns veci\u00f1ais: A estratexia de<br \/>\ncomunicaci\u00f3n do goberno dir\u00edxese aos medios (onde pode facer propaganda)<br \/>\n e aos veci\u00f1os individuais (onde pode aparecer o clientelismo). C\u00f3mpre<br \/>\nun goberno que basee a comunicaci\u00f3n no debate p\u00fablico, aberto e<br \/>\ntransparente, especialmente coas asociaci\u00f3ns, que deberan ser o seu<br \/>\ninterlocutor principal no dese\u00f1o das pol\u00edticas e das propostas.<\/p>\n<p class=\"yiv2297781284\"><br class=\"yiv2297781284\" \/><\/p>\n<p class=\"yiv2297781284\" id=\"yui_3_16_0_1_1409301763900_9834\">&#8211; C\u00f3mpre po\u00f1er en marcha a participaci\u00f3n cidad\u00e1: Fai catro lexislaturas que os grupos<br \/>\n pol\u00edticos locais aprobaron por<br \/>\nunanimidade a Carta de Aalborg da Axenda XXI Local, que promove a<br \/>\nparticipaci\u00f3n cidad\u00e1 cara a un desenvolvemento sustentable dos<br \/>\nconcellos. Nada se fixo ao respecto, e nada podemos esperar xa destes<br \/>\nrepresentantes.<\/p>\n<p class=\"yiv2297781284\"><br class=\"yiv2297781284\" \/><\/p>\n<p class=\"yiv2297781284\">&#8211;<br \/>\n Ribadeo precisa un proxecto de futuro: \u00c9 rechamante a ausencia de<br \/>\nproxecto -participado ou non- para Ribadeo das agrupaci\u00f3ns pol\u00edticas<br \/>\nlocais. Correr para sa\u00edr na foto e po\u00f1erse na primeira li\u00f1a da<br \/>\nmanifestaci\u00f3n, como no caso da Residencia, non \u00e9 propo\u00f1er nin liderar.<br \/>\nTemos moitas propostas -10.000 persoas pensan m\u00e1is ca 7- e xuntos<br \/>\npodemos levalas adiante. C\u00f3mpre po\u00f1er a traballar os 8 mill\u00f3ns de euros<br \/>\nanuais do orzamento municipal a prol da veci\u00f1anza ribadense.<\/p>\n<p class=\"yiv2297781284\"><br class=\"yiv2297781284\" \/><\/p>\n<p class=\"yiv2297781284\" id=\"yui_3_16_0_1_1409301763900_9832\">Se<br \/>\n pensas -coma n\u00f3s, ou diferente!-, e queres participar, ach\u00e9gate este<br \/>\nmartes d\u00eda 2 \u00e1s 20:30 ao Cant\u00f3n Bar, onde celebraremos a xuntanza de<br \/>\nlanzamento da Plataforma Cidad\u00e1. Todo est\u00e1 por decidir, e todos somos<br \/>\nnecesarios. Com\u00e9ntao tam\u00e9n cos teus achegados e difunde esta iniciativa<br \/>\nveci\u00f1al.<\/p>\n<p class=\"yiv2297781284\"><br class=\"yiv2297781284\" \/><\/p>\n<p>PD:<br \/>\n E, finalmente, se<br \/>\n che apetece, pero sentes medo ou incomodidade polas consecuencias<br \/>\npersoais que poida ter para ti participar nunha iniciativa cidad\u00e1 tan s\u00e1<br \/>\n e limpa coma esta, pensa que al\u00ed est\u00e1 a raz\u00f3n m\u00e1is importante de todas<br \/>\npara facelo: rachar co medo da xente a participar libremente en<br \/>\npol\u00edtica. Por unha Galicia sen caciques.&#8221;<\/p>\n","protected":false},"excerpt":{"rendered":"<p>A\u00ednda que ando polo tema, non asumo \u00f3 100% a seguinte &#8216;reflexi\u00f3n persoal&#8217; (coido que ten algunha incorrecci\u00f3n involuntaria) pero si no fundamental. Chegoume hoxe \u00f3 correo, e hoxe a distrib\u00fao: &#8221; Ola a todos. Escr\u00edbovos esta reflexi\u00f3n persoal co obxecto de animarvos a asistir ao nacemento da Plataforma Cidad\u00e1 cara \u00e1s elecci\u00f3ns municipais de [&hellip;]<\/p>\n","protected":false},"author":3,"featured_media":0,"comment_status":"open","ping_status":"closed","sticky":false,"template":"","format":"standard","meta":{"activitypub_content_warning":"","activitypub_content_visibility":"","activitypub_max_image_attachments":3,"activitypub_interaction_policy_quote":"anyone","activitypub_status":"federate","footnotes":""},"categories":[1],"tags":[102,48,13,9],"class_list":["post-6789","post","type-post","status-publish","format-standard","hentry","category-sen-categoria","tag-15m","tag-eleccions","tag-politica","tag-sociedade"],"_links":{"self":[{"href":"https:\/\/blogs.amarinha.gal\/ribadeando\/wp-json\/wp\/v2\/posts\/6789","targetHints":{"allow":["GET"]}}],"collection":[{"href":"https:\/\/blogs.amarinha.gal\/ribadeando\/wp-json\/wp\/v2\/posts"}],"about":[{"href":"https:\/\/blogs.amarinha.gal\/ribadeando\/wp-json\/wp\/v2\/types\/post"}],"author":[{"embeddable":true,"href":"https:\/\/blogs.amarinha.gal\/ribadeando\/wp-json\/wp\/v2\/users\/3"}],"replies":[{"embeddable":true,"href":"https:\/\/blogs.amarinha.gal\/ribadeando\/wp-json\/wp\/v2\/comments?post=6789"}],"version-history":[{"count":0,"href":"https:\/\/blogs.amarinha.gal\/ribadeando\/wp-json\/wp\/v2\/posts\/6789\/revisions"}],"wp:attachment":[{"href":"https:\/\/blogs.amarinha.gal\/ribadeando\/wp-json\/wp\/v2\/media?parent=6789"}],"wp:term":[{"taxonomy":"category","embeddable":true,"href":"https:\/\/blogs.amarinha.gal\/ribadeando\/wp-json\/wp\/v2\/categories?post=6789"},{"taxonomy":"post_tag","embeddable":true,"href":"https:\/\/blogs.amarinha.gal\/ribadeando\/wp-json\/wp\/v2\/tags?post=6789"}],"curies":[{"name":"wp","href":"https:\/\/api.w.org\/{rel}","templated":true}]}}