{"id":6788,"date":"2014-08-30T14:00:00","date_gmt":"2014-08-30T12:00:00","guid":{"rendered":""},"modified":"2024-11-12T14:08:40","modified_gmt":"2024-11-12T13:08:40","slug":"pensamentos-lixeiros-para-agosto_30","status":"publish","type":"post","link":"https:\/\/blogs.amarinha.gal\/ribadeando\/2014\/08\/30\/pensamentos-lixeiros-para-agosto_30\/","title":{"rendered":"Pensamentos lixeiros para agosto: pensando en lonxe de Ribadeo"},"content":{"rendered":"<p><span>&nbsp;&nbsp; &nbsp;<\/span>A foto foi tomada esta mesma ma\u00f1\u00e1 de s\u00e1bado ne Ribadeo, no porto de Mirasol. Un par de cami\u00f3ns adicados o transporte internacional a tres mil quil\u00f3metros da s\u00faa casa, en <a href=\"https:\/\/blogs.amarinha.gal\/ribadeando\/search?q=Ucra%C3%ADna\" rel=\"nofollow noopener\" target=\"_blank\">Ucra\u00edna<\/a>. Al\u00ed, c\u00f3ntannos, hai unha guerra. E antes, un golpe de estado, e actuaci\u00f3ns de grupos paramilitares de ultradereita, e expresidentes que a pouco de deixar o mando son acollidos na cadea, e abondo m\u00e1is que se foi configurando como habitual dende que se formou este estado a partires da URSS, como o m\u00e1is importante despois de Rusia.<\/p>\n<p><a href=\"https:\/\/blogger.googleusercontent.com\/img\/b\/R29vZ2xl\/AVvXsEi1s0WnwuBc7JPcn4VSYjfUFdTLlJKa__KSv4nGp64w86ils6LqGSY0SC1V3bkk_lz4aDDhWh9Lw79aO3858Yn9JKI_65GZf_ggS4bvlTH28O5deAEa5lVhqFhyphenhyphen2Fsnl_0GTYei7g\/s2048\/ucraina.jpg\" style=\"margin-left: 1em; margin-right: 1em;\"><img loading=\"lazy\" decoding=\"async\" height=\"640\" src=\"https:\/\/blogger.googleusercontent.com\/img\/b\/R29vZ2xl\/AVvXsEi1s0WnwuBc7JPcn4VSYjfUFdTLlJKa__KSv4nGp64w86ils6LqGSY0SC1V3bkk_lz4aDDhWh9Lw79aO3858Yn9JKI_65GZf_ggS4bvlTH28O5deAEa5lVhqFhyphenhyphen2Fsnl_0GTYei7g\/s2048\/ucraina.jpg\" width=\"376\" \/><\/a><\/p>\n<p><span>&nbsp;&nbsp; &nbsp;<\/span>Coido que haber\u00eda que dicir abondas cousas sobre a &#8216;crise ucra\u00edna&#8217; despois das evidentes campa\u00f1as de desinformaci\u00f3n duns e outros, pero esta ma\u00f1\u00e1, \u00f3 pasar por al\u00ed, o que se me ocorreu foi tentar po\u00f1erme no lugar dos camioneiros ante un conflito que o te\u00f1en que ter presente, no que est\u00e1n involucrados, e, \u00f3 tempo, a tres mil quil\u00f3metros. Unha conexi\u00f3n Ribadeo-Ucra\u00edna a traverso das s\u00faas cabezas. Intenteino, pero ningu\u00e9n me poder\u00e1 dicir nunca que o conseguira. Todo o m\u00e1is, poder\u00e1seme dicir que seguramente nin me aproximei.<\/p><\/p>\n","protected":false},"excerpt":{"rendered":"<p>&nbsp;&nbsp; &nbsp;A foto foi tomada esta mesma ma\u00f1\u00e1 de s\u00e1bado ne Ribadeo, no porto de Mirasol. Un par de cami\u00f3ns adicados o transporte internacional a tres mil quil\u00f3metros da s\u00faa casa, en Ucra\u00edna. Al\u00ed, c\u00f3ntannos, hai unha guerra. E antes, un golpe de estado, e actuaci\u00f3ns de grupos paramilitares de ultradereita, e expresidentes que a [&hellip;]<\/p>\n","protected":false},"author":3,"featured_media":0,"comment_status":"open","ping_status":"closed","sticky":false,"template":"","format":"standard","meta":{"activitypub_content_warning":"","activitypub_content_visibility":"","activitypub_max_image_attachments":3,"activitypub_interaction_policy_quote":"anyone","activitypub_status":"federate","footnotes":""},"categories":[1],"tags":[9],"class_list":["post-6788","post","type-post","status-publish","format-standard","hentry","category-sen-categoria","tag-sociedade"],"_links":{"self":[{"href":"https:\/\/blogs.amarinha.gal\/ribadeando\/wp-json\/wp\/v2\/posts\/6788","targetHints":{"allow":["GET"]}}],"collection":[{"href":"https:\/\/blogs.amarinha.gal\/ribadeando\/wp-json\/wp\/v2\/posts"}],"about":[{"href":"https:\/\/blogs.amarinha.gal\/ribadeando\/wp-json\/wp\/v2\/types\/post"}],"author":[{"embeddable":true,"href":"https:\/\/blogs.amarinha.gal\/ribadeando\/wp-json\/wp\/v2\/users\/3"}],"replies":[{"embeddable":true,"href":"https:\/\/blogs.amarinha.gal\/ribadeando\/wp-json\/wp\/v2\/comments?post=6788"}],"version-history":[{"count":0,"href":"https:\/\/blogs.amarinha.gal\/ribadeando\/wp-json\/wp\/v2\/posts\/6788\/revisions"}],"wp:attachment":[{"href":"https:\/\/blogs.amarinha.gal\/ribadeando\/wp-json\/wp\/v2\/media?parent=6788"}],"wp:term":[{"taxonomy":"category","embeddable":true,"href":"https:\/\/blogs.amarinha.gal\/ribadeando\/wp-json\/wp\/v2\/categories?post=6788"},{"taxonomy":"post_tag","embeddable":true,"href":"https:\/\/blogs.amarinha.gal\/ribadeando\/wp-json\/wp\/v2\/tags?post=6788"}],"curies":[{"name":"wp","href":"https:\/\/api.w.org\/{rel}","templated":true}]}}