{"id":6770,"date":"2014-09-20T09:56:00","date_gmt":"2014-09-20T07:56:00","guid":{"rendered":""},"modified":"2024-11-12T14:08:06","modified_gmt":"2024-11-12T13:08:06","slug":"novidades-plenas-por-ribadeo","status":"publish","type":"post","link":"https:\/\/blogs.amarinha.gal\/ribadeando\/2014\/09\/20\/novidades-plenas-por-ribadeo\/","title":{"rendered":"Novidades plenas por Ribadeo"},"content":{"rendered":"<p>Polo xornal enter\u00e1monos de que vai haber pleno a pr\u00f3xima semana. Cando en concreto, xa \u00e9 outra cousa. Non sei se a versi\u00f3n papel o trae ou non, que na dixital s\u00f3 vexo &#8216;a pr\u00f3xima semana&#8217;, que, se \u00e9 certo e xuntado a outras informaci\u00f3ns anteriores, indicar\u00eda cara a finais da semana. Naturalmente, na web de concello non aparece nada, que xa est\u00e1 posta a revisi\u00f3n do censo para as elecci\u00f3ns, anuncios de contrataci\u00f3n e novas sobre cousas positivas do concello, e chega, que para algo \u00e9 unha ferramenta para o concello e non para os cidad\u00e1ns.<\/p>\n<p>Sobre os temas a tratar, algo trae tam\u00e9n o xornal, con dous &#8216;estrela&#8217;. Un deles, o PXOM. Vaise dar a aprobaci\u00f3n para envialo de novo a Santiago despois das <a href=\"http:\/\/www.lavozdegalicia.es\/noticia\/amarina\/2014\/09\/20\/ribadeo-solo-12281-habitantes-2024\/0003_201409X20C5993.htm\" target=\"_blank\" rel=\"noopener\">modificaci\u00f3ns que pediron dende a capital do reino<\/a>. O Plan segue a ser segredo. Os veci\u00f1os, por lei, estamos exclu\u00eddos dese segredo do que desfrutaremos ou sofreremos as consecuencias. Entendo que iso sup\u00f3n, por lei, a existencia dunha informaci\u00f3n privilexiada.<\/p>\n<p>Outra cousa que se tratar\u00e1 ser\u00e1 o <a href=\"http:\/\/www.lavozdegalicia.es\/noticia\/amarina\/2014\/09\/19\/alcalde-pacta-reparto-127018-euros-plus-productividad\/0003_201409X19C7993.htm\" target=\"_blank\" rel=\"noopener\">complemento de produtividade para o persoal do concello<\/a>. Est\u00e1 resumido na web da Voz con poucos datos: 127 000 \u20ac, criterios que acadan a t\u00f3dolos traballadores, 65% adicado a premiar que se vaia a traballar e non se sofran sanci\u00f3ns, e 35% por efectivo rendemento do traballador. Supo\u00f1o que algu\u00e9n mo explicar\u00e1, porque como noutros casos, non sei ben como medir\u00e1n a efectividade dun traballador illado, \u00f3 tempo que, se \u00e9 un complemento de produtividade, non entendo tampouco como se premia (en troques de sancionar en caso contrario a partir dunha cantidade en n\u00f3mina de xeito directo) o non ser sancionado ou o ir traballar. Claro que non me estrana o non entendelo; tampouco a base da estrutura da mi\u00f1a n\u00f3mina me resulta moi clara.<\/p>\n<p>Nota posterior: remato de recibir unha informaci\u00f3n sobre que o pleno ser\u00e1 xoves \u00e1s 20:00. Supo\u00f1o que estamos todos invitados e seremos ben recibidos.<\/p>\n","protected":false},"excerpt":{"rendered":"<p>Polo xornal enter\u00e1monos de que vai haber pleno a pr\u00f3xima semana. Cando en concreto, xa \u00e9 outra cousa. Non sei se a versi\u00f3n papel o trae ou non, que na dixital s\u00f3 vexo &#8216;a pr\u00f3xima semana&#8217;, que, se \u00e9 certo e xuntado a outras informaci\u00f3ns anteriores, indicar\u00eda cara a finais da semana. Naturalmente, na web [&hellip;]<\/p>\n","protected":false},"author":3,"featured_media":0,"comment_status":"open","ping_status":"closed","sticky":false,"template":"","format":"standard","meta":{"activitypub_content_warning":"","activitypub_content_visibility":"","activitypub_max_image_attachments":3,"activitypub_interaction_policy_quote":"anyone","activitypub_status":"federated","footnotes":""},"categories":[1],"tags":[42],"class_list":["post-6770","post","type-post","status-publish","format-standard","hentry","category-sen-categoria","tag-plenos"],"_links":{"self":[{"href":"https:\/\/blogs.amarinha.gal\/ribadeando\/wp-json\/wp\/v2\/posts\/6770","targetHints":{"allow":["GET"]}}],"collection":[{"href":"https:\/\/blogs.amarinha.gal\/ribadeando\/wp-json\/wp\/v2\/posts"}],"about":[{"href":"https:\/\/blogs.amarinha.gal\/ribadeando\/wp-json\/wp\/v2\/types\/post"}],"author":[{"embeddable":true,"href":"https:\/\/blogs.amarinha.gal\/ribadeando\/wp-json\/wp\/v2\/users\/3"}],"replies":[{"embeddable":true,"href":"https:\/\/blogs.amarinha.gal\/ribadeando\/wp-json\/wp\/v2\/comments?post=6770"}],"version-history":[{"count":0,"href":"https:\/\/blogs.amarinha.gal\/ribadeando\/wp-json\/wp\/v2\/posts\/6770\/revisions"}],"wp:attachment":[{"href":"https:\/\/blogs.amarinha.gal\/ribadeando\/wp-json\/wp\/v2\/media?parent=6770"}],"wp:term":[{"taxonomy":"category","embeddable":true,"href":"https:\/\/blogs.amarinha.gal\/ribadeando\/wp-json\/wp\/v2\/categories?post=6770"},{"taxonomy":"post_tag","embeddable":true,"href":"https:\/\/blogs.amarinha.gal\/ribadeando\/wp-json\/wp\/v2\/tags?post=6770"}],"curies":[{"name":"wp","href":"https:\/\/api.w.org\/{rel}","templated":true}]}}