{"id":6767,"date":"2014-09-23T08:00:00","date_gmt":"2014-09-23T06:00:00","guid":{"rendered":""},"modified":"2024-11-12T14:08:02","modified_gmt":"2024-11-12T13:08:02","slug":"so-un-detalle-sobre-ribadeo-cando-se","status":"publish","type":"post","link":"https:\/\/blogs.amarinha.gal\/ribadeando\/2014\/09\/23\/so-un-detalle-sobre-ribadeo-cando-se\/","title":{"rendered":"S\u00f3 un detalle sobre Ribadeo: Cando se mercou a casa do concello."},"content":{"rendered":"<p>Na primavera tiveron lugar as charlas <a href=\"http:\/\/ribadeando.blogspot.com.es\/2014\/05\/resume-4-charla-ribadeo-debate.html\" target=\"_blank\" rel=\"noopener\">&#8216;Ribadeo a debate. Visi\u00f3ns de Ribadeo&#8217;. Na \u00faltima delas, Jos\u00e9 Ram\u00f3n Rodr\u00edguez-Sabugo Fern\u00e1ndez falou de &#8216;La evoluci\u00f3n de Ribadeo desde mi llegada&#8217;<\/a>. No posterior debate sa\u00edu a colaci\u00f3n cando se mercou a casa consistorial e por quen, non clarificando as cousas daquela por ser abondo anterior \u00e1 s\u00faa chegada a Ribadeo.<\/p>\n<p>Hai pouco, falando con el, aportoume datos sobre o tema. Se non os recoll\u00edn mal, a data da escritura de compra estar\u00eda datada o 8 de agosto de 1945, cando xa estaba no consistorio como alcalde Pancho Maseda, quen ter\u00eda tomado posesi\u00f3n en febreiro de 1944 (o seu posto \u00f3 mando da alcald\u00eda chegar\u00eda ata o 1964, ano no que cesou no cargo). As\u00ed pois, o alcalde anterior, Castelao, puido ter intervido na toma do acordo (haber\u00eda que consultar as actas do concello nese tempo), pero non ter\u00eda rubricada a compra da casa do concello.<\/p>\n<p><a href=\"https:\/\/blogger.googleusercontent.com\/img\/b\/R29vZ2xl\/AVvXsEiPcdHa546meXqAw77yO2bv8OBHjQ5V8_jchGwmtfOF27JMIyz5GUx5Asho_QfOvd0HifxNT6EysljeI2ylOnfvvHT2OZor70is_2pkbtITgMm5yyIe8jhZlI9Yq5DeiRuSWs9Dhw\/s2048\/Casaconcello050207peq.JPG\" imageanchor=\"1\" style=\"margin-left: 1em; margin-right: 1em;\"><img loading=\"lazy\" decoding=\"async\" src=\"https:\/\/blogger.googleusercontent.com\/img\/b\/R29vZ2xl\/AVvXsEiPcdHa546meXqAw77yO2bv8OBHjQ5V8_jchGwmtfOF27JMIyz5GUx5Asho_QfOvd0HifxNT6EysljeI2ylOnfvvHT2OZor70is_2pkbtITgMm5yyIe8jhZlI9Yq5DeiRuSWs9Dhw\/s2048\/Casaconcello050207peq.JPG\" height=\"480\" width=\"640\" \/><\/a><\/p>\n","protected":false},"excerpt":{"rendered":"<p>Na primavera tiveron lugar as charlas &#8216;Ribadeo a debate. Visi\u00f3ns de Ribadeo&#8217;. Na \u00faltima delas, Jos\u00e9 Ram\u00f3n Rodr\u00edguez-Sabugo Fern\u00e1ndez falou de &#8216;La evoluci\u00f3n de Ribadeo desde mi llegada&#8217;. No posterior debate sa\u00edu a colaci\u00f3n cando se mercou a casa consistorial e por quen, non clarificando as cousas daquela por ser abondo anterior \u00e1 s\u00faa chegada [&hellip;]<\/p>\n","protected":false},"author":3,"featured_media":0,"comment_status":"open","ping_status":"closed","sticky":false,"template":"","format":"standard","meta":{"activitypub_content_warning":"","activitypub_content_visibility":"","activitypub_max_image_attachments":3,"activitypub_interaction_policy_quote":"anyone","activitypub_status":"federated","footnotes":""},"categories":[1],"tags":[11],"class_list":["post-6767","post","type-post","status-publish","format-standard","hentry","category-sen-categoria","tag-historia"],"_links":{"self":[{"href":"https:\/\/blogs.amarinha.gal\/ribadeando\/wp-json\/wp\/v2\/posts\/6767","targetHints":{"allow":["GET"]}}],"collection":[{"href":"https:\/\/blogs.amarinha.gal\/ribadeando\/wp-json\/wp\/v2\/posts"}],"about":[{"href":"https:\/\/blogs.amarinha.gal\/ribadeando\/wp-json\/wp\/v2\/types\/post"}],"author":[{"embeddable":true,"href":"https:\/\/blogs.amarinha.gal\/ribadeando\/wp-json\/wp\/v2\/users\/3"}],"replies":[{"embeddable":true,"href":"https:\/\/blogs.amarinha.gal\/ribadeando\/wp-json\/wp\/v2\/comments?post=6767"}],"version-history":[{"count":0,"href":"https:\/\/blogs.amarinha.gal\/ribadeando\/wp-json\/wp\/v2\/posts\/6767\/revisions"}],"wp:attachment":[{"href":"https:\/\/blogs.amarinha.gal\/ribadeando\/wp-json\/wp\/v2\/media?parent=6767"}],"wp:term":[{"taxonomy":"category","embeddable":true,"href":"https:\/\/blogs.amarinha.gal\/ribadeando\/wp-json\/wp\/v2\/categories?post=6767"},{"taxonomy":"post_tag","embeddable":true,"href":"https:\/\/blogs.amarinha.gal\/ribadeando\/wp-json\/wp\/v2\/tags?post=6767"}],"curies":[{"name":"wp","href":"https:\/\/api.w.org\/{rel}","templated":true}]}}