{"id":6765,"date":"2014-09-25T08:54:00","date_gmt":"2014-09-25T06:54:00","guid":{"rendered":""},"modified":"2024-11-12T14:07:59","modified_gmt":"2024-11-12T13:07:59","slug":"a-porta-do-concello-de-ribadeo","status":"publish","type":"post","link":"https:\/\/blogs.amarinha.gal\/ribadeando\/2014\/09\/25\/a-porta-do-concello-de-ribadeo\/","title":{"rendered":"\u00c1 porta do concello de Ribadeo"},"content":{"rendered":"<p><span>&nbsp;&nbsp; &nbsp;<\/span>O t\u00edtulo de hoxe pode referirse a varias cousas que andas estes d\u00edas en marcha. <span>&nbsp;&nbsp; <\/span>De xeito breve:<br \/>\n<span>&nbsp;&nbsp; &nbsp;<\/span>* As pintadas mesmo na estatua do Marqu\u00e9s de Sargadelos. sinxelamente, m\u00e1is al\u00f3 do incivismo e outras consideraci\u00f3ns, coido que a estatua do Marqu\u00e9s representa mellor o que \u00e9 sen pintadas, co xesto de despedida que o caracteriza.<br \/>\n<span>&nbsp;&nbsp; &nbsp;<\/span>* O pleno de hoxe. A modo de lembranza, <a href=\"http:\/\/ribadeando.blogspot.com.es\/2014\/09\/novidades-plenas-por-ribadeo.html\" target=\"_blank\" rel=\"noopener\">hoxe pret\u00e9ndese votar o PXOM<\/a> entre outros temas que por fin parecen ter algo de importancia para ser <a href=\"http:\/\/ribadeo.gal\/actualidade\/nova.php?id=1623&amp;lg=gal\" target=\"_blank\" rel=\"noopener\">publicados na p\u00e1xina web do concello a dous d\u00edas do pleno<\/a>, a\u00ednda que sexa de xeito anunciativo e non enunciativo (ou sexa, con compo\u00f1ente de propaganda).<br \/>\n<span>&nbsp;&nbsp; &nbsp;<\/span>* O presentarse ou non \u00e1s elecci\u00f3ns de Podemos. O xornal trae que na Mari\u00f1a si, pero se se lee un pouco m\u00e1is embaixo, n\u00f3tase que se refire a Burela. En Ribadeo, Podemos ten dado o seu apoio \u00e1 Plataforma Cidad\u00e1&#8230;<\/p>\n<p><span>&nbsp;&nbsp; &nbsp;<\/span>Dan moito que desenvolver as tres cousas, haber\u00e1 que tratalas pouco a pouco.<\/p>\n","protected":false},"excerpt":{"rendered":"<p>&nbsp;&nbsp; &nbsp;O t\u00edtulo de hoxe pode referirse a varias cousas que andas estes d\u00edas en marcha. &nbsp;&nbsp; De xeito breve: &nbsp;&nbsp; &nbsp;* As pintadas mesmo na estatua do Marqu\u00e9s de Sargadelos. sinxelamente, m\u00e1is al\u00f3 do incivismo e outras consideraci\u00f3ns, coido que a estatua do Marqu\u00e9s representa mellor o que \u00e9 sen pintadas, co xesto de [&hellip;]<\/p>\n","protected":false},"author":3,"featured_media":0,"comment_status":"open","ping_status":"closed","sticky":false,"template":"","format":"standard","meta":{"activitypub_content_warning":"","activitypub_content_visibility":"","activitypub_max_image_attachments":3,"activitypub_interaction_policy_quote":"anyone","activitypub_status":"federated","footnotes":""},"categories":[1],"tags":[18,42,13,9],"class_list":["post-6765","post","type-post","status-publish","format-standard","hentry","category-sen-categoria","tag-educacion","tag-plenos","tag-politica","tag-sociedade"],"_links":{"self":[{"href":"https:\/\/blogs.amarinha.gal\/ribadeando\/wp-json\/wp\/v2\/posts\/6765","targetHints":{"allow":["GET"]}}],"collection":[{"href":"https:\/\/blogs.amarinha.gal\/ribadeando\/wp-json\/wp\/v2\/posts"}],"about":[{"href":"https:\/\/blogs.amarinha.gal\/ribadeando\/wp-json\/wp\/v2\/types\/post"}],"author":[{"embeddable":true,"href":"https:\/\/blogs.amarinha.gal\/ribadeando\/wp-json\/wp\/v2\/users\/3"}],"replies":[{"embeddable":true,"href":"https:\/\/blogs.amarinha.gal\/ribadeando\/wp-json\/wp\/v2\/comments?post=6765"}],"version-history":[{"count":0,"href":"https:\/\/blogs.amarinha.gal\/ribadeando\/wp-json\/wp\/v2\/posts\/6765\/revisions"}],"wp:attachment":[{"href":"https:\/\/blogs.amarinha.gal\/ribadeando\/wp-json\/wp\/v2\/media?parent=6765"}],"wp:term":[{"taxonomy":"category","embeddable":true,"href":"https:\/\/blogs.amarinha.gal\/ribadeando\/wp-json\/wp\/v2\/categories?post=6765"},{"taxonomy":"post_tag","embeddable":true,"href":"https:\/\/blogs.amarinha.gal\/ribadeando\/wp-json\/wp\/v2\/tags?post=6765"}],"curies":[{"name":"wp","href":"https:\/\/api.w.org\/{rel}","templated":true}]}}