{"id":6756,"date":"2014-10-06T07:49:00","date_gmt":"2014-10-06T05:49:00","guid":{"rendered":""},"modified":"2024-11-12T14:07:36","modified_gmt":"2024-11-12T13:07:36","slug":"mercado-en-ribadeo","status":"publish","type":"post","link":"https:\/\/blogs.amarinha.gal\/ribadeando\/2014\/10\/06\/mercado-en-ribadeo\/","title":{"rendered":"Mercado en Ribadeo"},"content":{"rendered":"<p>Dende hai varios anos o mercado Ribadeo est\u00e1 no tapete. Superficie ocupada, cotas a pagar, e agora, limpeza.<\/p>\n<p>A superficie foi a primeira das pol\u00e9micas, ligada \u00e1 das cotas asociadas para dispo\u00f1er dela. Dunha medida linear, mal feita e incumprida, pasouse a outra medida baseada nos metros cadrados ocupados, delimitando con marcas no chan un espazo. Coido que representou unha diminuci\u00f3n de superficie indicada para cada posto, e tam\u00e9n unha distribuci\u00f3n algo m\u00e1is adecuada. Xunto con iso, a variaci\u00f3n do pago de cotas, asociando superficie realmente ocupada e a cantidade a pagar, representou un enfrontamento de vendedores e concello, polo aumento das cantidades a pagar. Foi asemade a \u00e9poca na que Castropol instaurou o mercado, o mesmo que Barreiros, a m\u00e1is da mella da crise. Houbo plantes de vendedores, requerimento de pago de cotas anteriores&#8230; Pouco a pouco as augas voltaron \u00f3 seu leito, se ben as relaci\u00f3ns vendedores concello variaron l\u00f3xicamente e as regras establecidas foron cumpr\u00edndose m\u00e1is.<\/p>\n<p>Agora, algo que tam\u00e9n estaba posto nas regras, pretende cumprirse despois de ter recibido queixas: a limpeza do mercado polos propios vendedores. Quizais o anterior non estea ben expresado: a limpeza da superficie do propio posto despois de desmontar. A brigada de limpeza pasar\u00e1, pero debe atoparse a zona de tal xeito que sexa s\u00f3 un repaso. De novo queixas por parte dos mercaderes pola obriga de cumprir algo que non se estaba a cumprir, coa mira posta en que a suba efectiva de cotas de hai alg\u00fan tempo leva tam\u00e9n asociados uns deberes para o concello, entre os que se atopar\u00eda a limpeza.<\/p>\n<p>Sinxelamente, parece que -nalg\u00fans casos- o uso do com\u00fan vai tomando a idea de que non debe ser un abuso, e trat\u00e1ndose como tal, cambiando a mentalidade. E axustando, un pouco m\u00e1is ac\u00f3, un pouco m\u00e1is al\u00f3, tentando atopar o l\u00edmite adecuado entre p\u00fablico e uso privado. Nalg\u00fans casos.<\/p>\n","protected":false},"excerpt":{"rendered":"<p>Dende hai varios anos o mercado Ribadeo est\u00e1 no tapete. Superficie ocupada, cotas a pagar, e agora, limpeza. A superficie foi a primeira das pol\u00e9micas, ligada \u00e1 das cotas asociadas para dispo\u00f1er dela. Dunha medida linear, mal feita e incumprida, pasouse a outra medida baseada nos metros cadrados ocupados, delimitando con marcas no chan un [&hellip;]<\/p>\n","protected":false},"author":3,"featured_media":0,"comment_status":"open","ping_status":"closed","sticky":false,"template":"","format":"standard","meta":{"activitypub_content_warning":"","activitypub_content_visibility":"","activitypub_max_image_attachments":3,"activitypub_interaction_policy_quote":"anyone","activitypub_status":"federated","footnotes":""},"categories":[1],"tags":[9],"class_list":["post-6756","post","type-post","status-publish","format-standard","hentry","category-sen-categoria","tag-sociedade"],"_links":{"self":[{"href":"https:\/\/blogs.amarinha.gal\/ribadeando\/wp-json\/wp\/v2\/posts\/6756","targetHints":{"allow":["GET"]}}],"collection":[{"href":"https:\/\/blogs.amarinha.gal\/ribadeando\/wp-json\/wp\/v2\/posts"}],"about":[{"href":"https:\/\/blogs.amarinha.gal\/ribadeando\/wp-json\/wp\/v2\/types\/post"}],"author":[{"embeddable":true,"href":"https:\/\/blogs.amarinha.gal\/ribadeando\/wp-json\/wp\/v2\/users\/3"}],"replies":[{"embeddable":true,"href":"https:\/\/blogs.amarinha.gal\/ribadeando\/wp-json\/wp\/v2\/comments?post=6756"}],"version-history":[{"count":0,"href":"https:\/\/blogs.amarinha.gal\/ribadeando\/wp-json\/wp\/v2\/posts\/6756\/revisions"}],"wp:attachment":[{"href":"https:\/\/blogs.amarinha.gal\/ribadeando\/wp-json\/wp\/v2\/media?parent=6756"}],"wp:term":[{"taxonomy":"category","embeddable":true,"href":"https:\/\/blogs.amarinha.gal\/ribadeando\/wp-json\/wp\/v2\/categories?post=6756"},{"taxonomy":"post_tag","embeddable":true,"href":"https:\/\/blogs.amarinha.gal\/ribadeando\/wp-json\/wp\/v2\/tags?post=6756"}],"curies":[{"name":"wp","href":"https:\/\/api.w.org\/{rel}","templated":true}]}}