{"id":6754,"date":"2014-10-08T08:06:00","date_gmt":"2014-10-08T06:06:00","guid":{"rendered":""},"modified":"2024-11-12T14:07:33","modified_gmt":"2024-11-12T13:07:33","slug":"nos-e-vos-uns","status":"publish","type":"post","link":"https:\/\/blogs.amarinha.gal\/ribadeando\/2014\/10\/08\/nos-e-vos-uns\/","title":{"rendered":"N\u00f3s e v\u00f3s, uns"},"content":{"rendered":"<p>A cousa pres\u00e9ntase as\u00ed: pres\u00e9ntase unha lista de xente plana, ordeada por orde alfab\u00e9tica de apelidos, e sae nalg\u00fan medio con persoas destacadas e o resto da lista como xente complementaria.<\/p>\n<p>Resulta que o destaque \u00e9 por motivos alleos \u00f3 da creaci\u00f3n da lista. Algo as\u00ed como por ter cara m\u00e1is co\u00f1ecida con anterioridade, equivalente quiz\u00e1is a ter m\u00e1is historia pretendidamente p\u00fablica detr\u00e1s. Mesmo alg\u00fans dos destacados, con foto.<\/p>\n<p>O caso \u00e9 que un destaque rompe a uniformidade, a igualdade \u00e1 vista externa, e a partir desa rotura, pode actuar contra a fraternidade interna, e con ela, contribu\u00edr a fracturar unha estrutura.<\/p>\n<p>Na sociedade na que nos toca vivir (ou na sociedade que imos constru\u00edndo d\u00eda a d\u00eda, que \u00e9 a mesma) a\u00ednda estamos afeitos a po\u00f1er caras para identificar iniciativas, po\u00f1erlle a esas iniciativas unha historia anterior a\u00ednda que partan de novas conxunci\u00f3ns.<\/p>\n<p>&#8216;Vinte no xornal&#8217; me di un alumno, e quedo pregunt\u00e1ndome a conto de que. Logo ent\u00e9rome de que esa iniciativa na que participo como os dem\u00e1is comezando a constru\u00edr dende unha base com\u00fan, cunhas d\u00faas duc\u00edas de persoas m\u00e1is, algunhas con m\u00e1is actividade, m\u00e1is antig\u00fcidade no traballo e m\u00e1is rendemento ca min, ten posta a mi\u00f1a cara como referencia.<\/p>\n<p>Quiz\u00e1is unha cara sirva para dar algo m\u00e1is de difusi\u00f3n a algo que polo momento se est\u00e1 a configurar como idea, pero haber\u00eda que pensar que \u00f3 tempo, est\u00e1 a trastocar a transmisi\u00f3n da mesma idea que se tenta difundir.<\/p>\n<p>Por certo, estoume a referir \u00f3 <a href=\"http:\/\/ribadeando.blogspot.com.es\/2014\/10\/rimadeo-en-comun-manifesto.html\" target=\"_blank\" rel=\"noopener\">manifesto de &#8216;Ribadeo en Com\u00fan<\/a>&#8216; e \u00e1s ideas e actividade que se desenvolven dende hai xa abondo m\u00e1is dun mes. Seguimos para diante, como dir\u00edan os franceses co seu lema republicano, en liberdade, igualdade e fraternidade. Con conciencia e vontade, cooperando cada quen co seu veci\u00f1o e desenvolvendo si, unha fraternidade no traballo conxunto.<\/p>\n","protected":false},"excerpt":{"rendered":"<p>A cousa pres\u00e9ntase as\u00ed: pres\u00e9ntase unha lista de xente plana, ordeada por orde alfab\u00e9tica de apelidos, e sae nalg\u00fan medio con persoas destacadas e o resto da lista como xente complementaria. Resulta que o destaque \u00e9 por motivos alleos \u00f3 da creaci\u00f3n da lista. Algo as\u00ed como por ter cara m\u00e1is co\u00f1ecida con anterioridade, equivalente [&hellip;]<\/p>\n","protected":false},"author":3,"featured_media":0,"comment_status":"open","ping_status":"closed","sticky":false,"template":"","format":"standard","meta":{"activitypub_content_warning":"","activitypub_content_visibility":"","activitypub_max_image_attachments":3,"activitypub_interaction_policy_quote":"anyone","activitypub_status":"federated","footnotes":""},"categories":[1],"tags":[9],"class_list":["post-6754","post","type-post","status-publish","format-standard","hentry","category-sen-categoria","tag-sociedade"],"_links":{"self":[{"href":"https:\/\/blogs.amarinha.gal\/ribadeando\/wp-json\/wp\/v2\/posts\/6754","targetHints":{"allow":["GET"]}}],"collection":[{"href":"https:\/\/blogs.amarinha.gal\/ribadeando\/wp-json\/wp\/v2\/posts"}],"about":[{"href":"https:\/\/blogs.amarinha.gal\/ribadeando\/wp-json\/wp\/v2\/types\/post"}],"author":[{"embeddable":true,"href":"https:\/\/blogs.amarinha.gal\/ribadeando\/wp-json\/wp\/v2\/users\/3"}],"replies":[{"embeddable":true,"href":"https:\/\/blogs.amarinha.gal\/ribadeando\/wp-json\/wp\/v2\/comments?post=6754"}],"version-history":[{"count":0,"href":"https:\/\/blogs.amarinha.gal\/ribadeando\/wp-json\/wp\/v2\/posts\/6754\/revisions"}],"wp:attachment":[{"href":"https:\/\/blogs.amarinha.gal\/ribadeando\/wp-json\/wp\/v2\/media?parent=6754"}],"wp:term":[{"taxonomy":"category","embeddable":true,"href":"https:\/\/blogs.amarinha.gal\/ribadeando\/wp-json\/wp\/v2\/categories?post=6754"},{"taxonomy":"post_tag","embeddable":true,"href":"https:\/\/blogs.amarinha.gal\/ribadeando\/wp-json\/wp\/v2\/tags?post=6754"}],"curies":[{"name":"wp","href":"https:\/\/api.w.org\/{rel}","templated":true}]}}