{"id":6749,"date":"2014-10-14T08:01:00","date_gmt":"2014-10-14T06:01:00","guid":{"rendered":""},"modified":"2024-11-12T14:07:26","modified_gmt":"2024-11-12T13:07:26","slug":"sen-novidade-na-politica-ribadense","status":"publish","type":"post","link":"https:\/\/blogs.amarinha.gal\/ribadeando\/2014\/10\/14\/sen-novidade-na-politica-ribadense\/","title":{"rendered":"Sen novidade na pol\u00edtica ribadense"},"content":{"rendered":"<p>Hoxe saltou a nova: o representante de UPRi no concello, <a href=\"http:\/\/www.lavozdegalicia.es\/noticia\/amarina\/2014\/10\/14\/reimondez-sera-candidato-deja-futuro-upri-aire\/0003_201410X14C7994.htm\" target=\"_blank\" rel=\"noopener\">Agust\u00edn Reym\u00f3ndez, non ser\u00e1 candidato para as pr\u00f3ximas elecci\u00f3ns<\/a>. O certo \u00e9 que, sen que el o dixera precisamente, o futuro de UPRi estaba comprometido, de xeito que, present\u00e1ndose ou non (outra persoa no seu lugar) UPRi segu\u00eda un desgaste na r\u00faa que fac\u00eda dif\u00edcil que houbera un representante na pr\u00f3xima formaci\u00f3n do pleno. Lembro no <a href=\"http:\/\/ribadeando.blogspot.com.es\/2014\/09\/medio-pleno-medio-vacio-en-ribadeo.html\" target=\"_blank\" rel=\"noopener\">pleno ordinario pasado<\/a>, un pequeno comentario de Tino que deixo recollido as\u00ed: &#8220;<em>Foi neste punto onde tivo lugar unha an\u00e9cdota pequena pero da que coido<br \/>\ndebe quedar constancia. Na intervenci\u00f3n do representante de UPRi, e en<br \/>\nrelaci\u00f3n coa duraci\u00f3n do convenio, fixo unha pequena digresi\u00f3n apuntando<br \/>\n que no pr\u00f3ximo per\u00edodo de sesi\u00f3ns poder\u00eda haber un alcalde de UPRi, xa<br \/>\nque hab\u00eda un movemento asembleario que estaba a tomar forza para facer<br \/>\nalgo que xa hab\u00eda, encarnado por UPRi. Ben, coido que \u00e9 unha falta de<br \/>\ninformaci\u00f3n, pero non deixa de ser unha curiosidade expresiva dunha<br \/>\ncerta mentalidade.<\/em>&#8221;<\/p>\n<p>Agora parece evidente que o alcalde \u00f3 que se refer\u00eda non era el, nin tampouco do &#8216;UPRi oficial&#8217; que el encarna a\u00ednda.<\/p>\n<p>As\u00ed pois, coido que sen novidade de cara \u00f3 futuro.<\/p>\n<p>&#8211;<\/p>\n<p>Outras: <a href=\"http:\/\/ribadeando.blogspot.com.es\/2014\/10\/sen-novidade-na-politica-ribadense.html\" target=\"_blank\" rel=\"noopener\">UPRi<\/a>, <a href=\"http:\/\/ribadeando.blogspot.com.es\/2014\/10\/sen-novidade-na-politica-ribadense-ii.html\" target=\"_blank\" rel=\"noopener\">PP<\/a>, <a href=\"http:\/\/ribadeando.blogspot.com.es\/2014\/10\/sen-novidade-na-politica-ribadense-iii.html\" target=\"_blank\" rel=\"noopener\">PSOE<\/a>, <a href=\"http:\/\/ribadeando.blogspot.com.es\/2014\/10\/sen-novidade-na-politica-ribadense-iv.html\" target=\"_blank\" rel=\"noopener\">BNG<\/a>, <a href=\"http:\/\/ribadeando.blogspot.com.es\/2014\/10\/sen-novidade-na-politica-ribadense-e-v.html\" target=\"_blank\" rel=\"noopener\">Ribadeo en com\u00fan<\/a>.<\/p>\n","protected":false},"excerpt":{"rendered":"<p>Hoxe saltou a nova: o representante de UPRi no concello, Agust\u00edn Reym\u00f3ndez, non ser\u00e1 candidato para as pr\u00f3ximas elecci\u00f3ns. O certo \u00e9 que, sen que el o dixera precisamente, o futuro de UPRi estaba comprometido, de xeito que, present\u00e1ndose ou non (outra persoa no seu lugar) UPRi segu\u00eda un desgaste na r\u00faa que fac\u00eda dif\u00edcil [&hellip;]<\/p>\n","protected":false},"author":3,"featured_media":0,"comment_status":"open","ping_status":"closed","sticky":false,"template":"","format":"standard","meta":{"activitypub_content_warning":"","activitypub_content_visibility":"","activitypub_max_image_attachments":3,"activitypub_interaction_policy_quote":"anyone","activitypub_status":"federated","footnotes":""},"categories":[1],"tags":[42,13],"class_list":["post-6749","post","type-post","status-publish","format-standard","hentry","category-sen-categoria","tag-plenos","tag-politica"],"_links":{"self":[{"href":"https:\/\/blogs.amarinha.gal\/ribadeando\/wp-json\/wp\/v2\/posts\/6749","targetHints":{"allow":["GET"]}}],"collection":[{"href":"https:\/\/blogs.amarinha.gal\/ribadeando\/wp-json\/wp\/v2\/posts"}],"about":[{"href":"https:\/\/blogs.amarinha.gal\/ribadeando\/wp-json\/wp\/v2\/types\/post"}],"author":[{"embeddable":true,"href":"https:\/\/blogs.amarinha.gal\/ribadeando\/wp-json\/wp\/v2\/users\/3"}],"replies":[{"embeddable":true,"href":"https:\/\/blogs.amarinha.gal\/ribadeando\/wp-json\/wp\/v2\/comments?post=6749"}],"version-history":[{"count":0,"href":"https:\/\/blogs.amarinha.gal\/ribadeando\/wp-json\/wp\/v2\/posts\/6749\/revisions"}],"wp:attachment":[{"href":"https:\/\/blogs.amarinha.gal\/ribadeando\/wp-json\/wp\/v2\/media?parent=6749"}],"wp:term":[{"taxonomy":"category","embeddable":true,"href":"https:\/\/blogs.amarinha.gal\/ribadeando\/wp-json\/wp\/v2\/categories?post=6749"},{"taxonomy":"post_tag","embeddable":true,"href":"https:\/\/blogs.amarinha.gal\/ribadeando\/wp-json\/wp\/v2\/tags?post=6749"}],"curies":[{"name":"wp","href":"https:\/\/api.w.org\/{rel}","templated":true}]}}