{"id":6748,"date":"2014-10-15T08:09:00","date_gmt":"2014-10-15T06:09:00","guid":{"rendered":""},"modified":"2024-11-12T14:07:25","modified_gmt":"2024-11-12T13:07:25","slug":"sen-novidade-na-politica-ribadense-ii","status":"publish","type":"post","link":"https:\/\/blogs.amarinha.gal\/ribadeando\/2014\/10\/15\/sen-novidade-na-politica-ribadense-ii\/","title":{"rendered":"Sen novidade na pol\u00edtica ribadense (II)"},"content":{"rendered":"<p>Onte <a href=\"http:\/\/ribadeando.blogspot.com.es\/2014\/10\/sen-novidade-na-politica-ribadense.html\" target=\"_blank\" rel=\"noopener\">tocoulle a quenda a UPRi<\/a>. Hoxe vai o PP. O partido que dende hai tempo estivo en primeira ou segunda posici\u00f3n en t\u00f3dalas votaci\u00f3ns \u00f3 concello (cousa que non lograron BNG e PSOE), tivera controvertidas primarias antes das elecci\u00f3ns pasadas. Nelas sobresa\u00edra Manuel Val\u00edn claramente nunha ampla cesta de nomes (7) e tam\u00e9n <a href=\"http:\/\/ribadeando.blogspot.com.es\/2010\/09\/enquisas-pre-presentacion-de.html\" target=\"_blank\" rel=\"noopener\">claramente en contra do aparello provincial do partido<\/a>. Dir\u00edase que na lista presentada tentou facer amalgama, ou m\u00e1is ben, que a presi\u00f3n da estrutura non permitiu un equipo cohesionado. Uns resultados decentes, pero con maior\u00eda absoluta dun BNG que superou as s\u00faas mellores previsi\u00f3ns serviron en bandexa o desquite contra o cabeza de lista, e os catro anos de mandato que rematar\u00e1n o pr\u00f3ximo maio ve\u00f1en sendo os de votos particulares cando non partidos do partido condimentados con estra\u00f1eza vista a situaci\u00f3n dende f\u00f3ra fronte \u00f3 comportamento do que debera ser un equipo \u00f3 servizo de Ribadeo. Cantado-anunciado \u00e9 dende hai tempo que o cabeza de lista non repetir\u00e1. Falado polo baixo-por todos sabido \u00e9 que o actual presidente do partido en Ribadeo est\u00e1 facendo campa\u00f1a (acertada ou non, iso xa \u00e9 outra cousa) dende hai tempo, tentando unha visibilidade que non ten, mesmo fronte \u00f3 seu grupo municipal.<\/p>\n<p>E, nestas estamos cando o aparello de partido anuncia dende Lugo que esta volta non haber\u00e1 primarias en Ribadeo, que ser\u00e1 imposto o candidato dende Lugo. Despois do transcurso destes anos, algu\u00e9n dubidaba de cal ser\u00e1 a &#8216;aposta forte&#8217; do PP para Ribadeo? E, a non ser sorpresas por imponderables externos, algu\u00e9n aposta polo resultado?<\/p>\n<p>&#8211;<\/p>\n<p>Outras: <a href=\"http:\/\/ribadeando.blogspot.com.es\/2014\/10\/sen-novidade-na-politica-ribadense.html\" target=\"_blank\" rel=\"noopener\">UPRi<\/a>, <a href=\"http:\/\/ribadeando.blogspot.com.es\/2014\/10\/sen-novidade-na-politica-ribadense-ii.html\" target=\"_blank\" rel=\"noopener\">PP<\/a>, <a href=\"http:\/\/ribadeando.blogspot.com.es\/2014\/10\/sen-novidade-na-politica-ribadense-iii.html\" target=\"_blank\" rel=\"noopener\">PSOE<\/a>, <a href=\"http:\/\/ribadeando.blogspot.com.es\/2014\/10\/sen-novidade-na-politica-ribadense-iv.html\" target=\"_blank\" rel=\"noopener\">BNG<\/a>, <a href=\"http:\/\/ribadeando.blogspot.com.es\/2014\/10\/sen-novidade-na-politica-ribadense-e-v.html\" target=\"_blank\" rel=\"noopener\">Ribadeo en com\u00fan<\/a>.<\/p>\n","protected":false},"excerpt":{"rendered":"<p>Onte tocoulle a quenda a UPRi. Hoxe vai o PP. O partido que dende hai tempo estivo en primeira ou segunda posici\u00f3n en t\u00f3dalas votaci\u00f3ns \u00f3 concello (cousa que non lograron BNG e PSOE), tivera controvertidas primarias antes das elecci\u00f3ns pasadas. Nelas sobresa\u00edra Manuel Val\u00edn claramente nunha ampla cesta de nomes (7) e tam\u00e9n claramente [&hellip;]<\/p>\n","protected":false},"author":3,"featured_media":0,"comment_status":"open","ping_status":"closed","sticky":false,"template":"","format":"standard","meta":{"activitypub_content_warning":"","activitypub_content_visibility":"","activitypub_max_image_attachments":3,"activitypub_interaction_policy_quote":"anyone","activitypub_status":"federated","footnotes":""},"categories":[1],"tags":[13],"class_list":["post-6748","post","type-post","status-publish","format-standard","hentry","category-sen-categoria","tag-politica"],"_links":{"self":[{"href":"https:\/\/blogs.amarinha.gal\/ribadeando\/wp-json\/wp\/v2\/posts\/6748","targetHints":{"allow":["GET"]}}],"collection":[{"href":"https:\/\/blogs.amarinha.gal\/ribadeando\/wp-json\/wp\/v2\/posts"}],"about":[{"href":"https:\/\/blogs.amarinha.gal\/ribadeando\/wp-json\/wp\/v2\/types\/post"}],"author":[{"embeddable":true,"href":"https:\/\/blogs.amarinha.gal\/ribadeando\/wp-json\/wp\/v2\/users\/3"}],"replies":[{"embeddable":true,"href":"https:\/\/blogs.amarinha.gal\/ribadeando\/wp-json\/wp\/v2\/comments?post=6748"}],"version-history":[{"count":0,"href":"https:\/\/blogs.amarinha.gal\/ribadeando\/wp-json\/wp\/v2\/posts\/6748\/revisions"}],"wp:attachment":[{"href":"https:\/\/blogs.amarinha.gal\/ribadeando\/wp-json\/wp\/v2\/media?parent=6748"}],"wp:term":[{"taxonomy":"category","embeddable":true,"href":"https:\/\/blogs.amarinha.gal\/ribadeando\/wp-json\/wp\/v2\/categories?post=6748"},{"taxonomy":"post_tag","embeddable":true,"href":"https:\/\/blogs.amarinha.gal\/ribadeando\/wp-json\/wp\/v2\/tags?post=6748"}],"curies":[{"name":"wp","href":"https:\/\/api.w.org\/{rel}","templated":true}]}}