{"id":6746,"date":"2014-10-18T10:16:00","date_gmt":"2014-10-18T08:16:00","guid":{"rendered":""},"modified":"2024-11-12T14:07:22","modified_gmt":"2024-11-12T13:07:22","slug":"o-pequeno-nicolas-en-ribadeo","status":"publish","type":"post","link":"https:\/\/blogs.amarinha.gal\/ribadeando\/2014\/10\/18\/o-pequeno-nicolas-en-ribadeo\/","title":{"rendered":"O Pequeno Nicol\u00e1s en Ribadeo"},"content":{"rendered":"<p>O Pequeno Nicol\u00e1s \u00e9 o neno protagonista dunha serie de historias de <a href=\"http:\/\/www.goscinny.net\/\" target=\"_blank\" rel=\"noopener\">Ren\u00e9 Goscinny<\/a>. Divertido e doce \u00f3 tempo, pode ser hilarante.<\/p>\n<p>Dende este ver\u00e1n, e mais dende este xoves, o pequeno Nicol\u00e1s pasa a ser o apodo dun caradura que tivo unha actuaci\u00f3n estelar en Ribadeo. Francisco Nicol\u00e1s G\u00f3mez Iglesias, mozo novo, estivo dando o pego con aproveitamento das corruptelas do sistema pol\u00edtico, adulaci\u00f3ns e demais. E a\u00ed entra o caso <a href=\"http:\/\/ribadeando.blogspot.com.es\/2014\/08\/pensamentos-lixeiros-para-agosto.html\" target=\"_blank\" rel=\"noopener\">Ribadeo, onde o individuo se presentou este ver\u00e1n<\/a>, mesmo con escolta, e o alcalde baixou \u00f3 restaurante polo que parece para ir saudar a algu\u00e9n da Casa Real que al\u00ed estar\u00eda, atop\u00e1ndose cun mozo novo con moita labia. Coa detenci\u00f3n do individuo nesta semana, retornou \u00f3s medios a baixada do alcalde, mesmo con algunha entrevista pola tele, e <a href=\"http:\/\/ribadeo.gal\/actualidade\/nova.php?id=1640&amp;lg=gal\" target=\"_blank\" rel=\"noopener\">nota de prensa do concello<\/a>, algo que ocorre agora, na detenci\u00f3n, pero non ocorreu cando \u00e1 metade de agosto, sucedeu o caso Ribadeo. As\u00ed como no seu momento me chamou a atenci\u00f3n \u00e1 baixada do alcalde, agora ch\u00e1mama o aproveitamento medi\u00e1tico para descarga da posible culpa. E \u00e9 que, a\u00ednda que a intenci\u00f3n fora boa, o gui\u00f3n \u00e9 t\u00edpico, e b\u00e1sico para o mantemento dun sistema corrupto.<\/p>\n<p>&#8212;<\/p>\n<p>Actualizaci\u00f3n, de tarde<\/p>\n<p>Despois de ver a trivializaci\u00f3n do tema que se tenta facer no Facebook en base a fotos trucadas do Nicol\u00e1s, ratif\u00edcome e incido m\u00e1is no aproveitamento medi\u00e1tico que se est\u00e1 a facer como desviaci\u00f3n de culpa e atenci\u00f3n.<\/p>\n","protected":false},"excerpt":{"rendered":"<p>O Pequeno Nicol\u00e1s \u00e9 o neno protagonista dunha serie de historias de Ren\u00e9 Goscinny. Divertido e doce \u00f3 tempo, pode ser hilarante. Dende este ver\u00e1n, e mais dende este xoves, o pequeno Nicol\u00e1s pasa a ser o apodo dun caradura que tivo unha actuaci\u00f3n estelar en Ribadeo. Francisco Nicol\u00e1s G\u00f3mez Iglesias, mozo novo, estivo dando [&hellip;]<\/p>\n","protected":false},"author":3,"featured_media":0,"comment_status":"open","ping_status":"closed","sticky":false,"template":"","format":"standard","meta":{"activitypub_content_warning":"","activitypub_content_visibility":"","activitypub_max_image_attachments":3,"activitypub_interaction_policy_quote":"anyone","activitypub_status":"federated","footnotes":""},"categories":[1],"tags":[9],"class_list":["post-6746","post","type-post","status-publish","format-standard","hentry","category-sen-categoria","tag-sociedade"],"_links":{"self":[{"href":"https:\/\/blogs.amarinha.gal\/ribadeando\/wp-json\/wp\/v2\/posts\/6746","targetHints":{"allow":["GET"]}}],"collection":[{"href":"https:\/\/blogs.amarinha.gal\/ribadeando\/wp-json\/wp\/v2\/posts"}],"about":[{"href":"https:\/\/blogs.amarinha.gal\/ribadeando\/wp-json\/wp\/v2\/types\/post"}],"author":[{"embeddable":true,"href":"https:\/\/blogs.amarinha.gal\/ribadeando\/wp-json\/wp\/v2\/users\/3"}],"replies":[{"embeddable":true,"href":"https:\/\/blogs.amarinha.gal\/ribadeando\/wp-json\/wp\/v2\/comments?post=6746"}],"version-history":[{"count":0,"href":"https:\/\/blogs.amarinha.gal\/ribadeando\/wp-json\/wp\/v2\/posts\/6746\/revisions"}],"wp:attachment":[{"href":"https:\/\/blogs.amarinha.gal\/ribadeando\/wp-json\/wp\/v2\/media?parent=6746"}],"wp:term":[{"taxonomy":"category","embeddable":true,"href":"https:\/\/blogs.amarinha.gal\/ribadeando\/wp-json\/wp\/v2\/categories?post=6746"},{"taxonomy":"post_tag","embeddable":true,"href":"https:\/\/blogs.amarinha.gal\/ribadeando\/wp-json\/wp\/v2\/tags?post=6746"}],"curies":[{"name":"wp","href":"https:\/\/api.w.org\/{rel}","templated":true}]}}