{"id":6741,"date":"2014-10-25T18:41:00","date_gmt":"2014-10-25T16:41:00","guid":{"rendered":""},"modified":"2024-11-12T14:07:06","modified_gmt":"2024-11-12T13:07:06","slug":"situando-ribadeo-no-mapa-meridiano-e","status":"publish","type":"post","link":"https:\/\/blogs.amarinha.gal\/ribadeando\/2014\/10\/25\/situando-ribadeo-no-mapa-meridiano-e\/","title":{"rendered":"Situando a Ribadeo no mapa: meridiano e paralelo"},"content":{"rendered":"<p>A conta do estudo dos meridianos e paralelos, procurei unha <a href=\"https:\/\/gl.wikipedia.org\/wiki\/Meridiano#mediaviewer\/File:Indicador_do_meridiano_que_pasa_pola_Coru%C3%B1a,_no_chan_da_Praza_de_Mar%C3%ADa_Pita.jpg\" target=\"_blank\" rel=\"noopener\">imaxe do meridiano que pasa pola Coru\u00f1a, marcado na praza de Mar\u00eda Pita<\/a>.<\/p>\n<p>E a cousa derivou&#8230; por que non dicirlle \u00f3 alcalde que trace o meridiano de Ribadeo, \u00e1 imaxe do que hai marcados no chan noutros lugares, comezando por Greenwich? Atracci\u00f3n tur\u00edstica complementaria, referencia,&#8230;<\/p>\n<p>Mentres a cousa non vai adiante, deixo o meu grao de area pola causa, coa imaxe seguinte, que se explica por si soa, a partir dunha vista a\u00e9rea do sigpac, e tomando como referencias as d\u00faas columnas de dan entrada \u00e1s escaleiras do concello:<\/p>\n<p><a href=\"https:\/\/blogger.googleusercontent.com\/img\/b\/R29vZ2xl\/AVvXsEiG5q5TVcf-9RaCgHLt72rfSAQSjp_H1FTtWyqQF_IukIVWRAQDCV9y_-8VBVu-BI8ZhCkDkr01W6BwXgk3KWWf_h3Ao9tV1gciLz4j4yhCGBDfoMwMeegvShkokFh5E9erCHo6Ng\/s2048\/concello+meridiano+paralelo.jpg\" imageanchor=\"1\" style=\"margin-left: 1em; margin-right: 1em;\"><img loading=\"lazy\" decoding=\"async\" src=\"https:\/\/blogger.googleusercontent.com\/img\/b\/R29vZ2xl\/AVvXsEiG5q5TVcf-9RaCgHLt72rfSAQSjp_H1FTtWyqQF_IukIVWRAQDCV9y_-8VBVu-BI8ZhCkDkr01W6BwXgk3KWWf_h3Ao9tV1gciLz4j4yhCGBDfoMwMeegvShkokFh5E9erCHo6Ng\/s2048\/concello+meridiano+paralelo.jpg\" height=\"392\" width=\"640\" \/><\/a><\/p>\n","protected":false},"excerpt":{"rendered":"<p>A conta do estudo dos meridianos e paralelos, procurei unha imaxe do meridiano que pasa pola Coru\u00f1a, marcado na praza de Mar\u00eda Pita. E a cousa derivou&#8230; por que non dicirlle \u00f3 alcalde que trace o meridiano de Ribadeo, \u00e1 imaxe do que hai marcados no chan noutros lugares, comezando por Greenwich? Atracci\u00f3n tur\u00edstica complementaria, [&hellip;]<\/p>\n","protected":false},"author":3,"featured_media":0,"comment_status":"open","ping_status":"closed","sticky":false,"template":"","format":"standard","meta":{"activitypub_content_warning":"","activitypub_content_visibility":"","activitypub_max_image_attachments":3,"activitypub_interaction_policy_quote":"anyone","activitypub_status":"federate","footnotes":""},"categories":[1],"tags":[9],"class_list":["post-6741","post","type-post","status-publish","format-standard","hentry","category-sen-categoria","tag-sociedade"],"_links":{"self":[{"href":"https:\/\/blogs.amarinha.gal\/ribadeando\/wp-json\/wp\/v2\/posts\/6741","targetHints":{"allow":["GET"]}}],"collection":[{"href":"https:\/\/blogs.amarinha.gal\/ribadeando\/wp-json\/wp\/v2\/posts"}],"about":[{"href":"https:\/\/blogs.amarinha.gal\/ribadeando\/wp-json\/wp\/v2\/types\/post"}],"author":[{"embeddable":true,"href":"https:\/\/blogs.amarinha.gal\/ribadeando\/wp-json\/wp\/v2\/users\/3"}],"replies":[{"embeddable":true,"href":"https:\/\/blogs.amarinha.gal\/ribadeando\/wp-json\/wp\/v2\/comments?post=6741"}],"version-history":[{"count":0,"href":"https:\/\/blogs.amarinha.gal\/ribadeando\/wp-json\/wp\/v2\/posts\/6741\/revisions"}],"wp:attachment":[{"href":"https:\/\/blogs.amarinha.gal\/ribadeando\/wp-json\/wp\/v2\/media?parent=6741"}],"wp:term":[{"taxonomy":"category","embeddable":true,"href":"https:\/\/blogs.amarinha.gal\/ribadeando\/wp-json\/wp\/v2\/categories?post=6741"},{"taxonomy":"post_tag","embeddable":true,"href":"https:\/\/blogs.amarinha.gal\/ribadeando\/wp-json\/wp\/v2\/tags?post=6741"}],"curies":[{"name":"wp","href":"https:\/\/api.w.org\/{rel}","templated":true}]}}