{"id":6730,"date":"2014-11-10T07:50:00","date_gmt":"2014-11-10T06:50:00","guid":{"rendered":""},"modified":"2024-11-12T14:06:45","modified_gmt":"2024-11-12T13:06:45","slug":"estacion-de-autobuses-de-ribadeo","status":"publish","type":"post","link":"https:\/\/blogs.amarinha.gal\/ribadeando\/2014\/11\/10\/estacion-de-autobuses-de-ribadeo\/","title":{"rendered":"Estaci\u00f3n de autobuses de Ribadeo"},"content":{"rendered":"<p>Coido que non \u00e9 a \u00e9poca na que a estaci\u00f3n de autobuses de Ribadeo ten estado m\u00e1is desastrada. Unha estaci\u00f3n de autobuses representa un edificio de servizo p\u00fablico (as hai que son privadas ou est\u00e1n privatizadas, pero en calquera caso, o servizo que est\u00e1n a facer \u00e9 p\u00fablico) e como tal, deberan estar coidadas impecablemente, \u00f3 estilo de cando foi constru\u00eddo o metro de Mosc\u00fa, feito coa idea de ser un pazo do pobo. M\u00e1is a\u00ednda cando estas instalaci\u00f3ns, debido \u00f3 sistema de movemento actual, son frecuentadas por xente con menos recursos ou posibilidades. E, nun caso como o de Ribadeo, por falta de alternativas, por xente que ten que desprazarse, non ten carnet de conducir e non pode coller un taxi.<\/p>\n<p><a href=\"https:\/\/blogger.googleusercontent.com\/img\/b\/R29vZ2xl\/AVvXsEhmFxlUMw8T8ANmr6CfuG5SnC19SBhBO95TzdSdD0n2uoR_7TYDOK1dD5IIjXGWvH3vLg706OyIsKFHIujBaUkkMKG3vaaVS2Ep840zY038z7r7AvPZymuW9GiUKEEcsohZExNG1Q\/s2048\/estaci%C3%B3n+autobuses+1.jpg\" imageanchor=\"1\" style=\"margin-left: 1em; margin-right: 1em;\"><img loading=\"lazy\" decoding=\"async\" src=\"https:\/\/blogger.googleusercontent.com\/img\/b\/R29vZ2xl\/AVvXsEhmFxlUMw8T8ANmr6CfuG5SnC19SBhBO95TzdSdD0n2uoR_7TYDOK1dD5IIjXGWvH3vLg706OyIsKFHIujBaUkkMKG3vaaVS2Ep840zY038z7r7AvPZymuW9GiUKEEcsohZExNG1Q\/s2048\/estaci%C3%B3n+autobuses+1.jpg\" height=\"480\" width=\"640\" \/><\/a><\/p>\n<p>Como dic\u00eda, non \u00e9 a vez que visito a estaci\u00f3n que est\u00e1 peor nin de coidado \u00e1 vista nin de limpeza, pero \u00e1 vista das fotos, poder\u00eda estar mellor. Os bancos novi\u00f1os contrastan neste espazo.<\/p>\n<p><a href=\"https:\/\/blogger.googleusercontent.com\/img\/b\/R29vZ2xl\/AVvXsEifsK8i8U9qjWgnU8BLQ-m5bqhElJddAOM_vtzwQC0LU1ssh_1IIW6KGkG_AOYYl07IP_RVd59tYwwMvgQ16_YzfMQD0Ys_AS7J6gU9-k-rtt9pt5R8L4uHG6lc0oLYRsSr7mPLyQ\/s2048\/estaci%C3%B3n+autobuses+2.jpg\" imageanchor=\"1\" style=\"margin-left: 1em; margin-right: 1em;\"><img loading=\"lazy\" decoding=\"async\" src=\"https:\/\/blogger.googleusercontent.com\/img\/b\/R29vZ2xl\/AVvXsEifsK8i8U9qjWgnU8BLQ-m5bqhElJddAOM_vtzwQC0LU1ssh_1IIW6KGkG_AOYYl07IP_RVd59tYwwMvgQ16_YzfMQD0Ys_AS7J6gU9-k-rtt9pt5R8L4uHG6lc0oLYRsSr7mPLyQ\/s2048\/estaci%C3%B3n+autobuses+2.jpg\" height=\"480\" width=\"640\" \/><\/a><\/p>\n<p>Si, xa sei que os servizos de cabaleiros est\u00e1n noutros sitos con d\u00e9ficit de limpeza, pero iso non quere dicir que istos te\u00f1an que estalo.<\/p>\n<p><a href=\"https:\/\/blogger.googleusercontent.com\/img\/b\/R29vZ2xl\/AVvXsEhnEOjIaU5eX8Qj3Q-VtEYnW0d4qCdc1xOmYvufWVvy4aSng5xg46WE7mpxKVV0wfJHezhH6cJNwwXvFwKvotRCnt4QqidzuLZCh-yNijwhFhzBbztEAioWfAboLPmDiELPwQrdtg\/s2048\/estaci%C3%B3n+autobuses+3.jpg\" imageanchor=\"1\" style=\"margin-left: 1em; margin-right: 1em;\"><img loading=\"lazy\" decoding=\"async\" src=\"https:\/\/blogger.googleusercontent.com\/img\/b\/R29vZ2xl\/AVvXsEhnEOjIaU5eX8Qj3Q-VtEYnW0d4qCdc1xOmYvufWVvy4aSng5xg46WE7mpxKVV0wfJHezhH6cJNwwXvFwKvotRCnt4QqidzuLZCh-yNijwhFhzBbztEAioWfAboLPmDiELPwQrdtg\/s2048\/estaci%C3%B3n+autobuses+3.jpg\" height=\"640\" width=\"480\" \/><\/a><\/p>\n<p>Unha fendedura nunha porta por si soa non quer dicir nada: por si soa.<\/p>\n<p><a href=\"https:\/\/blogger.googleusercontent.com\/img\/b\/R29vZ2xl\/AVvXsEgGCJ-S-tS8TaD2qpQHBhEtHLF_Q0HoO_ew5qGN48cL9s4GM3nh0WeK9o5Nv9KLkfGHdzyX47Jd0JLjU6Glv3fyhpzgG206kA07njXVkaDAGJlMiCWGnGKS1CmLJn4W0pFNDpfNrQ\/s2048\/estaci%C3%B3n+autobuses+4.jpg\" imageanchor=\"1\" style=\"margin-left: 1em; margin-right: 1em;\"><img loading=\"lazy\" decoding=\"async\" src=\"https:\/\/blogger.googleusercontent.com\/img\/b\/R29vZ2xl\/AVvXsEgGCJ-S-tS8TaD2qpQHBhEtHLF_Q0HoO_ew5qGN48cL9s4GM3nh0WeK9o5Nv9KLkfGHdzyX47Jd0JLjU6Glv3fyhpzgG206kA07njXVkaDAGJlMiCWGnGKS1CmLJn4W0pFNDpfNrQ\/s2048\/estaci%C3%B3n+autobuses+4.jpg\" height=\"480\" width=\"640\" \/><\/a><\/p>\n<p>O vidro pasou a mellor vida.<\/p>\n<p>Sinxelamente, como un lugar de servizo p\u00fablico, deberamos ter todos m\u00e1is conciencia de que o coidado \u00e9 de todos, e tam\u00e9n polo tanto, non s\u00f3 tratalo n\u00f3s mellor, sen\u00f3n esixir un mellor trato por quen leva a xesti\u00f3n.<\/p>\n","protected":false},"excerpt":{"rendered":"<p>Coido que non \u00e9 a \u00e9poca na que a estaci\u00f3n de autobuses de Ribadeo ten estado m\u00e1is desastrada. Unha estaci\u00f3n de autobuses representa un edificio de servizo p\u00fablico (as hai que son privadas ou est\u00e1n privatizadas, pero en calquera caso, o servizo que est\u00e1n a facer \u00e9 p\u00fablico) e como tal, deberan estar coidadas impecablemente, [&hellip;]<\/p>\n","protected":false},"author":3,"featured_media":0,"comment_status":"open","ping_status":"closed","sticky":false,"template":"","format":"standard","meta":{"activitypub_content_warning":"","activitypub_content_visibility":"","activitypub_max_image_attachments":3,"activitypub_interaction_policy_quote":"anyone","activitypub_status":"federate","footnotes":""},"categories":[1],"tags":[9],"class_list":["post-6730","post","type-post","status-publish","format-standard","hentry","category-sen-categoria","tag-sociedade"],"_links":{"self":[{"href":"https:\/\/blogs.amarinha.gal\/ribadeando\/wp-json\/wp\/v2\/posts\/6730","targetHints":{"allow":["GET"]}}],"collection":[{"href":"https:\/\/blogs.amarinha.gal\/ribadeando\/wp-json\/wp\/v2\/posts"}],"about":[{"href":"https:\/\/blogs.amarinha.gal\/ribadeando\/wp-json\/wp\/v2\/types\/post"}],"author":[{"embeddable":true,"href":"https:\/\/blogs.amarinha.gal\/ribadeando\/wp-json\/wp\/v2\/users\/3"}],"replies":[{"embeddable":true,"href":"https:\/\/blogs.amarinha.gal\/ribadeando\/wp-json\/wp\/v2\/comments?post=6730"}],"version-history":[{"count":0,"href":"https:\/\/blogs.amarinha.gal\/ribadeando\/wp-json\/wp\/v2\/posts\/6730\/revisions"}],"wp:attachment":[{"href":"https:\/\/blogs.amarinha.gal\/ribadeando\/wp-json\/wp\/v2\/media?parent=6730"}],"wp:term":[{"taxonomy":"category","embeddable":true,"href":"https:\/\/blogs.amarinha.gal\/ribadeando\/wp-json\/wp\/v2\/categories?post=6730"},{"taxonomy":"post_tag","embeddable":true,"href":"https:\/\/blogs.amarinha.gal\/ribadeando\/wp-json\/wp\/v2\/tags?post=6730"}],"curies":[{"name":"wp","href":"https:\/\/api.w.org\/{rel}","templated":true}]}}