{"id":6721,"date":"2014-11-21T08:15:00","date_gmt":"2014-11-21T07:15:00","guid":{"rendered":""},"modified":"2024-11-12T14:06:24","modified_gmt":"2024-11-12T13:06:24","slug":"o-que-nos-vai-sacar-da-crise","status":"publish","type":"post","link":"https:\/\/blogs.amarinha.gal\/ribadeando\/2014\/11\/21\/o-que-nos-vai-sacar-da-crise\/","title":{"rendered":"O que nos vai sacar da crise"},"content":{"rendered":"<p>D\u00edas atr\u00e1s, o xefe-dono de <a href=\"https:\/\/gl.wikipedia.org\/wiki\/Abanca\">Abanca<\/a>, <a href=\"https:\/\/gl.wikipedia.org\/wiki\/Juan_Carlos_Escotet_Rodr%C3%ADguez\">Escotet<\/a>, dic\u00eda que xa estabamos a sa\u00edr da crise, e que o sistema financieiro estaba sendo o motor desa sa\u00edda. Coido que a idea non \u00e9 precisamente esa (hoxe hai na antiga &#8216;coci\u00f1a&#8217; da Casa do mar un <a href=\"http:\/\/ribadeando.blogspot.com.es\/2014\/11\/un-novo-ciclo-de-documentais-de.html\">acto arredor dun documental sobre a creaci\u00f3n dos cartos<\/a>) nin sobre o que nos sacar\u00e1 da crise (a primeira pregunta \u00e9 se se pode sa\u00edr) nin moito menos sobre a potencialidade do sistema financieiro para facelo. M\u00e1is a\u00ednda dito por un banqueiro estranxeiro que se quedou cun banco que antes era de todos os de aqu\u00ed (a\u00ednda que fora administrado por uns poucos e daquel xeito) no que se meteron cartos de todos os de aqu\u00ed para que m\u00e1is tarde el puidera compralo a prezo de saldo sen recuperar m\u00e1is que unha pequena parte deles. Unha <a href=\"https:\/\/gl.wikipedia.org\/wiki\/Novacaixagalicia\">peza econ\u00f3mica que no seu d\u00eda chegou a ser a preferente de confianza dos galegos<\/a> nun sistema financieiro que se dic\u00eda dos m\u00e1is s\u00f3lidos do mundo, se non o que m\u00e1is. Un banco ademais que ten en Ribadeo unha tarxeta de presentaci\u00f3n tan s\u00f3lida como o metacrilato do que fai gala na s\u00faa presentaci\u00f3n, colocado como se ve na foto dun xeito pouco &#8216;s\u00f3lido&#8217; xusto diante da toma de ventilaci\u00f3n, que non chega a ocultar porque ser\u00eda malo, pero non deixa descubrir totalmente porque se quedar\u00eda sen marca. Un logo, por certo, acusado de <a href=\"http:\/\/www.abanca.biz\/2014\/06\/plagio-en-el-logo-de-abanca.html\">plaxio<\/a>. Din que unha imaxe vale m\u00e1is que mil palabras (a\u00ednda que \u00e1s veces sexa convinte explicala).<\/p>\n<p><a href=\"https:\/\/blogger.googleusercontent.com\/img\/b\/R29vZ2xl\/AVvXsEjrPZPRrWQBOtfPc3Py9QhRLr9ITN_X4KhoBW_GFQzuZMK12Toxm1jkh9zxHZ0HFfX0L9Gslkh0KP0eXc7ZU7lOGwJ-f1v0d__ayXQh5QzbhJiMVADfUmIlft0VNJZer025CCHOLw\/s2048\/Abanca+Ribadeo.jpg\" imageanchor=\"1\" style=\"margin-left: 1em; margin-right: 1em;\"><img loading=\"lazy\" decoding=\"async\" src=\"https:\/\/blogger.googleusercontent.com\/img\/b\/R29vZ2xl\/AVvXsEjrPZPRrWQBOtfPc3Py9QhRLr9ITN_X4KhoBW_GFQzuZMK12Toxm1jkh9zxHZ0HFfX0L9Gslkh0KP0eXc7ZU7lOGwJ-f1v0d__ayXQh5QzbhJiMVADfUmIlft0VNJZer025CCHOLw\/s2048\/Abanca+Ribadeo.jpg\" height=\"480\" width=\"640\" \/><\/a><\/p>\n","protected":false},"excerpt":{"rendered":"<p>D\u00edas atr\u00e1s, o xefe-dono de Abanca, Escotet, dic\u00eda que xa estabamos a sa\u00edr da crise, e que o sistema financieiro estaba sendo o motor desa sa\u00edda. Coido que a idea non \u00e9 precisamente esa (hoxe hai na antiga &#8216;coci\u00f1a&#8217; da Casa do mar un acto arredor dun documental sobre a creaci\u00f3n dos cartos) nin sobre [&hellip;]<\/p>\n","protected":false},"author":3,"featured_media":0,"comment_status":"open","ping_status":"closed","sticky":false,"template":"","format":"standard","meta":{"activitypub_content_warning":"","activitypub_content_visibility":"","activitypub_max_image_attachments":3,"activitypub_interaction_policy_quote":"anyone","activitypub_status":"federated","footnotes":""},"categories":[1],"tags":[9],"class_list":["post-6721","post","type-post","status-publish","format-standard","hentry","category-sen-categoria","tag-sociedade"],"_links":{"self":[{"href":"https:\/\/blogs.amarinha.gal\/ribadeando\/wp-json\/wp\/v2\/posts\/6721","targetHints":{"allow":["GET"]}}],"collection":[{"href":"https:\/\/blogs.amarinha.gal\/ribadeando\/wp-json\/wp\/v2\/posts"}],"about":[{"href":"https:\/\/blogs.amarinha.gal\/ribadeando\/wp-json\/wp\/v2\/types\/post"}],"author":[{"embeddable":true,"href":"https:\/\/blogs.amarinha.gal\/ribadeando\/wp-json\/wp\/v2\/users\/3"}],"replies":[{"embeddable":true,"href":"https:\/\/blogs.amarinha.gal\/ribadeando\/wp-json\/wp\/v2\/comments?post=6721"}],"version-history":[{"count":0,"href":"https:\/\/blogs.amarinha.gal\/ribadeando\/wp-json\/wp\/v2\/posts\/6721\/revisions"}],"wp:attachment":[{"href":"https:\/\/blogs.amarinha.gal\/ribadeando\/wp-json\/wp\/v2\/media?parent=6721"}],"wp:term":[{"taxonomy":"category","embeddable":true,"href":"https:\/\/blogs.amarinha.gal\/ribadeando\/wp-json\/wp\/v2\/categories?post=6721"},{"taxonomy":"post_tag","embeddable":true,"href":"https:\/\/blogs.amarinha.gal\/ribadeando\/wp-json\/wp\/v2\/tags?post=6721"}],"curies":[{"name":"wp","href":"https:\/\/api.w.org\/{rel}","templated":true}]}}