{"id":671,"date":"2024-04-27T09:00:00","date_gmt":"2024-04-27T07:00:00","guid":{"rendered":""},"modified":"2024-10-23T11:02:58","modified_gmt":"2024-10-23T09:02:58","slug":"museo-da-autoemocion-xose-carlos","status":"publish","type":"post","link":"https:\/\/blogs.amarinha.gal\/ribadeando\/2024\/04\/27\/museo-da-autoemocion-xose-carlos\/","title":{"rendered":"Museo da auto(e)moci\u00f3n. Xos\u00e9 Carlos Rodr\u00edguez Ra\u00f1\u00f3n"},"content":{"rendered":"<p>&nbsp;<\/p>\n<table align=\"center\" cellpadding=\"0\" cellspacing=\"0\" class=\"tr-caption-container\" style=\"margin-left: auto; margin-right: auto;\">\n<tbody>\n<tr>\n<td style=\"text-align: center;\"><a href=\"https:\/\/blogs.amarinha.gal\/ribadeando\/wp-content\/uploads\/sites\/4\/2024\/04\/bw_espa_a_cars_blancoynegro_metal_monocromo_spain_coru_a-316124.jpg\" imageanchor=\"1\" style=\"margin-left: auto; margin-right: auto;\"><img loading=\"lazy\" decoding=\"async\" height=\"464\" src=\"https:\/\/blogs.amarinha.gal\/ribadeando\/wp-content\/uploads\/sites\/4\/2024\/04\/bw_espa_a_cars_blancoynegro_metal_monocromo_spain_coru_a-316124.jpg\" class=\"wp-image-672\" width=\"640\" \/><\/a><\/td>\n<\/tr>\n<tr>\n<td class=\"tr-caption\" style=\"text-align: center;\"><span style=\"font-size: x-small;\">Coches antigos no centro da Coru\u00f1a (Foto no D.P.)<\/span><\/td>\n<\/tr>\n<\/tbody>\n<\/table>\n<p><em><br \/>\nMUSEO DA AUTO(E)MOCI\u00d3N<br \/>\n<\/em><\/p>\n<p><em><a href=\"https:\/\/blogs.amarinha.gal\/ribadeando\/search\/label\/Xos%C3%A9%20Carlos%20Rodr%C3%ADguez%20Ra%C3%B1%C3%B3n\" rel=\"nofollow noopener\" target=\"_blank\">Xos\u00e9 Carlos Rodr\u00edguez Ra\u00f1\u00f3n<\/a><\/em><\/p>\n<p><em><br \/>\n\t<span>&nbsp;&nbsp; &nbsp;<\/span>O pasado 16 de decembro de 2023 inaugurouse no pol\u00edgono coru\u00f1\u00e9s de Sab\u00f3n o Museo da Automoci\u00f3n, no que se conta a historia mec\u00e1nica do autom\u00f3bil relacionada tam\u00e9n coa s\u00faa \u00e9poca, a m\u00fasica, a literatura, a pintura ou o cinema. A colecci\u00f3n duns 300 veh\u00edculos pertence a \u00c1ngel Jove.<\/em><\/p>\n<p><em><br \/>\n\t<span>&nbsp;&nbsp; &nbsp;<\/span>As diferentes salas ter\u00e1n decoraci\u00f3n tem\u00e1tica con todo tipo de accesorios como traxes, vestidos,  chapeus, m\u00e1quinas de escribir, tel\u00e9fonos antigos, xornais do periodo hist\u00f3rico en cuesti\u00f3n e mesmo gram\u00f3fonos coas melod\u00edas do momento. Unha delas estar\u00e1 adicada \u00e1s marcas Hispano-Suiza e Pegaso. Haber\u00e1 tam\u00e9n espazos adicados ao campo con antiga maquinaria agraria, ao parque m\u00f3bil hist\u00f3rico do corpo de bombeiros e asemade a coches militares, policiais ou sanitarios. Tam\u00e9n contar\u00e1 cunha ampla secci\u00f3n de fotograf\u00edas automobil\u00edsticas de diversas etapas hist\u00f3ricas e de varios modelos de catro rodas, as\u00ed como carteler\u00eda publicitaria desde finais do s\u00e9culo XIX.<\/em><\/p>\n<p><em><br \/>\n\t<span>&nbsp;&nbsp; &nbsp;<\/span>Noutras salas haber\u00e1 proxectores e c\u00e1maras de varios estilos e tempos tanto industriais como dom\u00e9sticos nas que se relacionar\u00e1 o mundo do motor co eido deportivo e cos veh\u00edculos de competici\u00f3n en carreiras en circu\u00edto. Tam\u00e9n destaca a s\u00faa ampla biblioteca tem\u00e1tica. Dez euros custa a entrada e cen as visitas guiadas cunha clara finalidade pedag\u00f3xica. Pouco me parece para tanta historia!<\/em><\/p>\n","protected":false},"excerpt":{"rendered":"<p>&nbsp; Coches antigos no centro da Coru\u00f1a (Foto no D.P.) MUSEO DA AUTO(E)MOCI\u00d3N Xos\u00e9 Carlos Rodr\u00edguez Ra\u00f1\u00f3n &nbsp;&nbsp; &nbsp;O pasado 16 de decembro de 2023 inaugurouse no pol\u00edgono coru\u00f1\u00e9s de Sab\u00f3n o Museo da Automoci\u00f3n, no que se conta a historia mec\u00e1nica do autom\u00f3bil relacionada tam\u00e9n coa s\u00faa \u00e9poca, a m\u00fasica, a literatura, a pintura [&hellip;]<\/p>\n","protected":false},"author":3,"featured_media":672,"comment_status":"open","ping_status":"closed","sticky":false,"template":"","format":"standard","meta":{"activitypub_content_warning":"","activitypub_content_visibility":"","activitypub_max_image_attachments":3,"activitypub_interaction_policy_quote":"anyone","activitypub_status":"federate","footnotes":""},"categories":[1],"tags":[10,31],"class_list":["post-671","post","type-post","status-publish","format-standard","has-post-thumbnail","hentry","category-sen-categoria","tag-cultura","tag-xose-carlos-rodriguez-ranon"],"_links":{"self":[{"href":"https:\/\/blogs.amarinha.gal\/ribadeando\/wp-json\/wp\/v2\/posts\/671","targetHints":{"allow":["GET"]}}],"collection":[{"href":"https:\/\/blogs.amarinha.gal\/ribadeando\/wp-json\/wp\/v2\/posts"}],"about":[{"href":"https:\/\/blogs.amarinha.gal\/ribadeando\/wp-json\/wp\/v2\/types\/post"}],"author":[{"embeddable":true,"href":"https:\/\/blogs.amarinha.gal\/ribadeando\/wp-json\/wp\/v2\/users\/3"}],"replies":[{"embeddable":true,"href":"https:\/\/blogs.amarinha.gal\/ribadeando\/wp-json\/wp\/v2\/comments?post=671"}],"version-history":[{"count":0,"href":"https:\/\/blogs.amarinha.gal\/ribadeando\/wp-json\/wp\/v2\/posts\/671\/revisions"}],"wp:featuredmedia":[{"embeddable":true,"href":"https:\/\/blogs.amarinha.gal\/ribadeando\/wp-json\/wp\/v2\/media\/672"}],"wp:attachment":[{"href":"https:\/\/blogs.amarinha.gal\/ribadeando\/wp-json\/wp\/v2\/media?parent=671"}],"wp:term":[{"taxonomy":"category","embeddable":true,"href":"https:\/\/blogs.amarinha.gal\/ribadeando\/wp-json\/wp\/v2\/categories?post=671"},{"taxonomy":"post_tag","embeddable":true,"href":"https:\/\/blogs.amarinha.gal\/ribadeando\/wp-json\/wp\/v2\/tags?post=671"}],"curies":[{"name":"wp","href":"https:\/\/api.w.org\/{rel}","templated":true}]}}