{"id":6708,"date":"2014-12-09T07:45:00","date_gmt":"2014-12-09T06:45:00","guid":{"rendered":""},"modified":"2024-11-12T14:06:04","modified_gmt":"2024-11-12T13:06:04","slug":"tempo-de-descanso","status":"publish","type":"post","link":"https:\/\/blogs.amarinha.gal\/ribadeando\/2014\/12\/09\/tempo-de-descanso\/","title":{"rendered":"Tempo de descanso"},"content":{"rendered":"<p>O Nadal \u00e9 o 25, din, co preludio da noiteboa. \u00c9 dicir, as luces que van por Ribadeo (e moitos outros lugares) chegan con cousa dun mes de antelaci\u00f3n, e vanse outro medio mes despois. As\u00ed s\u00e1ltase a &#8216;celebraci\u00f3n&#8217; dun d\u00eda (relixioso) a 1\/8 de ano que pasa a ser &#8216;comercial&#8217;, pero tam\u00e9n en boa parte, con outras connotaci\u00f3ns. Que llo digan a Rajoy, que aproveita unha especie de &#8216;pax relixiosa&#8217; en todo este tempo, concedida para si mesmo a traverso da tele, radio e xornais coa non exposici\u00f3n \u00e1 corrupci\u00f3n, libraci\u00f3n real de consecuencias xudiciais, etc, para asociar a Podemos a ETA e outras cousas semellantes.<\/p>\n<p>Pasou a Inmaculada concepci\u00f3n e xa \u00e9 oficial. Nesta \u00e9poca \u00e9 de mal gusto falar do que non queira o goberno. Que tal as compras de Nadal? Alegr\u00eda, alegr\u00eda, alegr\u00eda neste tempo no que a noite gana \u00f3 d\u00eda!<\/p>\n","protected":false},"excerpt":{"rendered":"<p>O Nadal \u00e9 o 25, din, co preludio da noiteboa. \u00c9 dicir, as luces que van por Ribadeo (e moitos outros lugares) chegan con cousa dun mes de antelaci\u00f3n, e vanse outro medio mes despois. As\u00ed s\u00e1ltase a &#8216;celebraci\u00f3n&#8217; dun d\u00eda (relixioso) a 1\/8 de ano que pasa a ser &#8216;comercial&#8217;, pero tam\u00e9n en boa [&hellip;]<\/p>\n","protected":false},"author":3,"featured_media":0,"comment_status":"open","ping_status":"closed","sticky":false,"template":"","format":"standard","meta":{"activitypub_content_warning":"","activitypub_content_visibility":"","activitypub_max_image_attachments":3,"activitypub_interaction_policy_quote":"anyone","activitypub_status":"federated","footnotes":""},"categories":[1],"tags":[32,9],"class_list":["post-6708","post","type-post","status-publish","format-standard","hentry","category-sen-categoria","tag-filosofia","tag-sociedade"],"_links":{"self":[{"href":"https:\/\/blogs.amarinha.gal\/ribadeando\/wp-json\/wp\/v2\/posts\/6708","targetHints":{"allow":["GET"]}}],"collection":[{"href":"https:\/\/blogs.amarinha.gal\/ribadeando\/wp-json\/wp\/v2\/posts"}],"about":[{"href":"https:\/\/blogs.amarinha.gal\/ribadeando\/wp-json\/wp\/v2\/types\/post"}],"author":[{"embeddable":true,"href":"https:\/\/blogs.amarinha.gal\/ribadeando\/wp-json\/wp\/v2\/users\/3"}],"replies":[{"embeddable":true,"href":"https:\/\/blogs.amarinha.gal\/ribadeando\/wp-json\/wp\/v2\/comments?post=6708"}],"version-history":[{"count":0,"href":"https:\/\/blogs.amarinha.gal\/ribadeando\/wp-json\/wp\/v2\/posts\/6708\/revisions"}],"wp:attachment":[{"href":"https:\/\/blogs.amarinha.gal\/ribadeando\/wp-json\/wp\/v2\/media?parent=6708"}],"wp:term":[{"taxonomy":"category","embeddable":true,"href":"https:\/\/blogs.amarinha.gal\/ribadeando\/wp-json\/wp\/v2\/categories?post=6708"},{"taxonomy":"post_tag","embeddable":true,"href":"https:\/\/blogs.amarinha.gal\/ribadeando\/wp-json\/wp\/v2\/tags?post=6708"}],"curies":[{"name":"wp","href":"https:\/\/api.w.org\/{rel}","templated":true}]}}