{"id":6699,"date":"2014-12-19T07:56:00","date_gmt":"2014-12-19T06:56:00","guid":{"rendered":""},"modified":"2024-11-12T14:05:45","modified_gmt":"2024-11-12T13:05:45","slug":"un-sorriso-conta-dos-bolechas","status":"publish","type":"post","link":"https:\/\/blogs.amarinha.gal\/ribadeando\/2014\/12\/19\/un-sorriso-conta-dos-bolechas\/","title":{"rendered":"Un sorriso a conta dos Bolechas"},"content":{"rendered":"<p>A Mari\u00f1a: Toda unha zona na que nos identificamos. Hai outras interpretaci\u00f3ns. Por exemplo, as tres Mari\u00f1as nas que para contentar dividiu a Xunta comarcalmente a nosa Mari\u00f1a. O a Mancomunidade, creada para ama\u00f1ar cousas en com\u00fan, e que \u00e1s veces parece m\u00e1s para dividir que para unir. Hai varios anos que os impagos fixeron que Viveiro, o concello m\u00e1is poboado, se desligara da Mancomunidade. Hoxe A Mari\u00f1a volta ser nova por ese impago: resulta que <a href=\"https:\/\/gl.wikipedia.org\/wiki\/Os_Bolechas\">Os Bolechas<\/a> ve\u00f1en facer das s\u00faas por estas terras no \u00faltimo libro infantil do que son protagonistas, pero non a Viveiro, porque paga &#8216;a s\u00faa viaxe&#8217; de libro a Mancomunidade, e nela, remato de dicilo, non est\u00e1 inclu\u00edda Viveiro.<\/p>\n<p>Se se mira un pouco a <a href=\"http:\/\/www.osbolechas.com\/\">web dos Bolechas<\/a> veremos que os <a href=\"https:\/\/duckduckgo.com\/l\/?kh=-1&amp;uddg=http%3A%2F%2Fwww.youtube.com%2Fwatch%3Fv%3D6ZgggCUj4t8\">televisivos<\/a> debuxos <a href=\"http:\/\/www.osbolechas.com\/novas.php?id=171\">viven a conta de subvenci\u00f3ns p\u00fablicas<\/a>, das que as \u00faltimas, por estas terras. E nese sentido, quen paga, vese recompensado, e quen non, non. \u00c9 moi sinxelo: Viveiro non paga. As posturas do barreirense Fuente Parga como presidente da Mancomunidade dicindo m\u00e1is ou menos o que remato de dicir eu, ou da viveirense Mar\u00eda Loureiro lembrando que nin pasaba nada por inclu\u00edr o concello nas aventuras animadas nin perxudicar\u00eda a promoci\u00f3n da comarca son comprensibles. O que salte unha m\u00ednima pol\u00e9mica pola non inclusi\u00f3n xa non o \u00e9 tanto, sen\u00f3n motivo m\u00e1is ben dun sorriso infantil, como corresponde \u00f3s protagonistas.<\/p>\n<p>Por certo, segundo a prensa os libri\u00f1os foron repartidos entre os pequenos mari\u00f1\u00e1ns. Exceptuando os viveirenses, claro.<\/p>\n<p>E ti, ves \/ les \u00f3s Bolechas? \ud83d\ude42<\/p>\n","protected":false},"excerpt":{"rendered":"<p>A Mari\u00f1a: Toda unha zona na que nos identificamos. Hai outras interpretaci\u00f3ns. Por exemplo, as tres Mari\u00f1as nas que para contentar dividiu a Xunta comarcalmente a nosa Mari\u00f1a. O a Mancomunidade, creada para ama\u00f1ar cousas en com\u00fan, e que \u00e1s veces parece m\u00e1s para dividir que para unir. Hai varios anos que os impagos fixeron [&hellip;]<\/p>\n","protected":false},"author":3,"featured_media":0,"comment_status":"open","ping_status":"closed","sticky":false,"template":"","format":"standard","meta":{"activitypub_content_warning":"","activitypub_content_visibility":"","activitypub_max_image_attachments":3,"activitypub_interaction_policy_quote":"anyone","activitypub_status":"federated","footnotes":""},"categories":[1],"tags":[9],"class_list":["post-6699","post","type-post","status-publish","format-standard","hentry","category-sen-categoria","tag-sociedade"],"_links":{"self":[{"href":"https:\/\/blogs.amarinha.gal\/ribadeando\/wp-json\/wp\/v2\/posts\/6699","targetHints":{"allow":["GET"]}}],"collection":[{"href":"https:\/\/blogs.amarinha.gal\/ribadeando\/wp-json\/wp\/v2\/posts"}],"about":[{"href":"https:\/\/blogs.amarinha.gal\/ribadeando\/wp-json\/wp\/v2\/types\/post"}],"author":[{"embeddable":true,"href":"https:\/\/blogs.amarinha.gal\/ribadeando\/wp-json\/wp\/v2\/users\/3"}],"replies":[{"embeddable":true,"href":"https:\/\/blogs.amarinha.gal\/ribadeando\/wp-json\/wp\/v2\/comments?post=6699"}],"version-history":[{"count":0,"href":"https:\/\/blogs.amarinha.gal\/ribadeando\/wp-json\/wp\/v2\/posts\/6699\/revisions"}],"wp:attachment":[{"href":"https:\/\/blogs.amarinha.gal\/ribadeando\/wp-json\/wp\/v2\/media?parent=6699"}],"wp:term":[{"taxonomy":"category","embeddable":true,"href":"https:\/\/blogs.amarinha.gal\/ribadeando\/wp-json\/wp\/v2\/categories?post=6699"},{"taxonomy":"post_tag","embeddable":true,"href":"https:\/\/blogs.amarinha.gal\/ribadeando\/wp-json\/wp\/v2\/tags?post=6699"}],"curies":[{"name":"wp","href":"https:\/\/api.w.org\/{rel}","templated":true}]}}