{"id":6691,"date":"2014-12-29T10:56:00","date_gmt":"2014-12-29T09:56:00","guid":{"rendered":""},"modified":"2024-11-12T14:05:33","modified_gmt":"2024-11-12T13:05:33","slug":"concerto-aqui-como-en-viena-ribadeo","status":"publish","type":"post","link":"https:\/\/blogs.amarinha.gal\/ribadeando\/2014\/12\/29\/concerto-aqui-como-en-viena-ribadeo\/","title":{"rendered":"Concerto Aqu\u00ed como en Viena, Ribadeo 20141228"},"content":{"rendered":"<p><a href=\"https:\/\/blogger.googleusercontent.com\/img\/b\/R29vZ2xl\/AVvXsEinHig74Y5bVSNNW4-bH9MaRPX4M76HvfX3o29rfAz05mTBLPM2DaoWO9AKPmyATAYB8hI-OREItluCKofpRDC3mbR4dY8z9wnC06XBG7YgpAlXyfsUERFAH1JaRsQW5xXBv7M26w\/s2048\/Aqui+como+en+Viena+Nadal+2014-1.jpg\" imageanchor=\"1\" style=\"margin-left: 1em; margin-right: 1em;\"><img loading=\"lazy\" decoding=\"async\" src=\"https:\/\/blogger.googleusercontent.com\/img\/b\/R29vZ2xl\/AVvXsEinHig74Y5bVSNNW4-bH9MaRPX4M76HvfX3o29rfAz05mTBLPM2DaoWO9AKPmyATAYB8hI-OREItluCKofpRDC3mbR4dY8z9wnC06XBG7YgpAlXyfsUERFAH1JaRsQW5xXBv7M26w\/s2048\/Aqui+como+en+Viena+Nadal+2014-1.jpg\" height=\"640\" width=\"448\" \/><\/a><\/p>\n<p><a href=\"https:\/\/blogger.googleusercontent.com\/img\/b\/R29vZ2xl\/AVvXsEg8yP6l22d9CB_ziBlVEr9KqP4H4qZdhw1rc0nXmCbWYAlrveFSqKxvSYI-46g4XeYG93XwSbHIwS7syjOepi09P8mNqG2MxYvPf0KaQxUZzuH37zep6om4hq-gC3jkPf4cbfzzPA\/s2048\/Aqui+como+en+Viena+Nadal+2014-2.jpg\" imageanchor=\"1\" style=\"margin-left: 1em; margin-right: 1em;\"><img loading=\"lazy\" decoding=\"async\" src=\"https:\/\/blogger.googleusercontent.com\/img\/b\/R29vZ2xl\/AVvXsEg8yP6l22d9CB_ziBlVEr9KqP4H4qZdhw1rc0nXmCbWYAlrveFSqKxvSYI-46g4XeYG93XwSbHIwS7syjOepi09P8mNqG2MxYvPf0KaQxUZzuH37zep6om4hq-gC3jkPf4cbfzzPA\/s2048\/Aqui+como+en+Viena+Nadal+2014-2.jpg\" height=\"640\" width=\"448\" \/><\/a><\/p>\n<p><a href=\"https:\/\/blogger.googleusercontent.com\/img\/b\/R29vZ2xl\/AVvXsEhWDewrblpHAJ4YmYLp7BgID3ni04K8mFWacCEtxwph9YzGtaeEtto6bs_hoA0BF0O-2_W2hgWAF2awSN0sWnP9QtUhYHhRJSUFHYnTJM-0Ey1gO9mKfsTMtzDZir9QzNTFLNzR9A\/s2048\/Aqui+como+en+Viena+Nadal+2014-3.jpg\" imageanchor=\"1\" style=\"margin-left: 1em; margin-right: 1em;\"><img loading=\"lazy\" decoding=\"async\" src=\"https:\/\/blogger.googleusercontent.com\/img\/b\/R29vZ2xl\/AVvXsEhWDewrblpHAJ4YmYLp7BgID3ni04K8mFWacCEtxwph9YzGtaeEtto6bs_hoA0BF0O-2_W2hgWAF2awSN0sWnP9QtUhYHhRJSUFHYnTJM-0Ey1gO9mKfsTMtzDZir9QzNTFLNzR9A\/s2048\/Aqui+como+en+Viena+Nadal+2014-3.jpg\" height=\"640\" width=\"448\" \/><\/a><\/p>\n<p><a href=\"https:\/\/blogger.googleusercontent.com\/img\/b\/R29vZ2xl\/AVvXsEgJK6zWUl7-ALCmEaTKs2XBiog0SpX9ZmKKwiIJ2CHxcVpn2HgFC51vvfbHJ9tKWNjhZUGzGPw4uzQT6NJpzI1vBTFvfs3gjjiQFvuNb0-a0l96HKYjVdmDORtY3G-1QM_xF1Ay0w\/s2048\/Aqui+como+en+Viena+Nadal+2014-4.jpg\" imageanchor=\"1\" style=\"margin-left: 1em; margin-right: 1em;\"><img loading=\"lazy\" decoding=\"async\" src=\"https:\/\/blogger.googleusercontent.com\/img\/b\/R29vZ2xl\/AVvXsEgJK6zWUl7-ALCmEaTKs2XBiog0SpX9ZmKKwiIJ2CHxcVpn2HgFC51vvfbHJ9tKWNjhZUGzGPw4uzQT6NJpzI1vBTFvfs3gjjiQFvuNb0-a0l96HKYjVdmDORtY3G-1QM_xF1Ay0w\/s2048\/Aqui+como+en+Viena+Nadal+2014-4.jpg\" height=\"640\" width=\"448\" \/><\/a><\/p>\n<p>Como \u00e9 tradicional en Ribadeo dende hai d\u00faas d\u00e9cadas no entorno de Nadal, celebrouse en Ribadeo o concerto Aqu\u00ed como en Viena 2014. Embaixo queda, con gravaci\u00f3n de m\u00f3bil e sen os sombreiros \u00f3 Sinatra para New York, New York, nin as perrucas para emular a Abba en Grazas pola m\u00fasica ou Abba ouro, nin os cascos de bici e a entrada en patinete\/s\u00edmil bici de Cris e Carme e a s\u00faa interpretaci\u00f3n co patinete da man&#8230; e por suposto sen o p\u00fablico que abarrotaba o Cine Teatro tapizando os corredores internos.<\/p>\n<p>1. Entrada de m\u00fasicos e presentaci\u00f3n de Farruco Gra\u00f1a<\/p>\n<p><iframe loading=\"lazy\" align=\"top\" allowfullscreen=\"\" frameborder=\"0\" height=\"115\" hspace=\"0\" marginheight=\"0\" scrolling=\"no\" src=\"http:\/\/www.goear.com\/embed\/sound\/df9c71a\" vspace=\"0\" width=\"580\"><\/iframe><\/p>\n<p>2.Primeira parte do concerto<\/p>\n<p><iframe loading=\"lazy\" align=\"top\" allowfullscreen=\"\" frameborder=\"0\" height=\"115\" hspace=\"0\" marginheight=\"0\" scrolling=\"no\" src=\"http:\/\/www.goear.com\/embed\/sound\/c299f65\" vspace=\"0\" width=\"580\"><\/iframe><\/p>\n<p>3.Segunda parte<\/p>\n<p><iframe loading=\"lazy\" align=\"top\" allowfullscreen=\"\" frameborder=\"0\" height=\"115\" hspace=\"0\" marginheight=\"0\" scrolling=\"no\" src=\"http:\/\/www.goear.com\/embed\/sound\/27d8e36\" vspace=\"0\" width=\"580\"><\/iframe><\/p>\n<p>Segundo Valse:<\/p>\n<p><iframe loading=\"lazy\" align=\"top\" allowfullscreen=\"\" frameborder=\"0\" height=\"115\" hspace=\"0\" marginheight=\"0\" scrolling=\"no\" src=\"http:\/\/www.goear.com\/embed\/sound\/6fc0a73\" vspace=\"0\" width=\"580\"><\/iframe><\/p>\n<p>4.V\u00eddeo do bis (Marcha Radetzky)<\/p>\n<p><object class=\"BLOGGER-youtube-video\" classid=\"clsid:D27CDB6E-AE6D-11cf-96B8-444553540000\" codebase=\"http:\/\/download.macromedia.com\/pub\/shockwave\/cabs\/flash\/swflash.cab#version=6,0,40,0\" data-thumbnail-src=\"https:\/\/ytimg.googleusercontent.com\/vi\/Myccm0IetHU\/0.jpg\" height=\"266\" width=\"320\"><param name=\"movie\" value=\"https:\/\/youtube.googleapis.com\/v\/Myccm0IetHU&#038;source=uds\" \/><param name=\"bgcolor\" value=\"#FFFFFF\" \/><param name=\"allowFullScreen\" value=\"true\" \/><embed width=\"320\" height=\"266\"  src=\"https:\/\/youtube.googleapis.com\/v\/Myccm0IetHU&#038;source=uds\" type=\"application\/x-shockwave-flash\" allowfullscreen=\"true\"><\/embed><\/object><\/p>\n<p>E unha foti\u00f1o&#8230;<\/p>\n<p><a href=\"https:\/\/blogger.googleusercontent.com\/img\/b\/R29vZ2xl\/AVvXsEg4FVAKiBpKJfjT42nCzB8Y3Nas4R2-84ppKGYbwVbcdpSUdAhJwCZ5im_KS6yheV2G0nWUul4RFXOVqPEIFoCc2WjSSrC0HgF8npjpJShZE7GzzIkfFaSZVbmgSGM_xXjVkLsD7w\/s2048\/Aqu%C3%AD+como+en+Viena+Nadal+2014.jpg\" imageanchor=\"1\" style=\"margin-left: 1em; margin-right: 1em;\"><img loading=\"lazy\" decoding=\"async\" src=\"https:\/\/blogger.googleusercontent.com\/img\/b\/R29vZ2xl\/AVvXsEg4FVAKiBpKJfjT42nCzB8Y3Nas4R2-84ppKGYbwVbcdpSUdAhJwCZ5im_KS6yheV2G0nWUul4RFXOVqPEIFoCc2WjSSrC0HgF8npjpJShZE7GzzIkfFaSZVbmgSGM_xXjVkLsD7w\/s2048\/Aqu%C3%AD+como+en+Viena+Nadal+2014.jpg\" height=\"594\" width=\"640\" \/><\/a><\/p>\n<p>&#8230; rematou ata o pr\u00f3ximo ano.<\/p>\n","protected":false},"excerpt":{"rendered":"<p>Como \u00e9 tradicional en Ribadeo dende hai d\u00faas d\u00e9cadas no entorno de Nadal, celebrouse en Ribadeo o concerto Aqu\u00ed como en Viena 2014. Embaixo queda, con gravaci\u00f3n de m\u00f3bil e sen os sombreiros \u00f3 Sinatra para New York, New York, nin as perrucas para emular a Abba en Grazas pola m\u00fasica ou Abba ouro, nin [&hellip;]<\/p>\n","protected":false},"author":3,"featured_media":0,"comment_status":"open","ping_status":"closed","sticky":false,"template":"","format":"standard","meta":{"activitypub_content_warning":"","activitypub_content_visibility":"","activitypub_max_image_attachments":3,"activitypub_interaction_policy_quote":"anyone","activitypub_status":"federated","footnotes":""},"categories":[1],"tags":[81,23],"class_list":["post-6691","post","type-post","status-publish","format-standard","hentry","category-sen-categoria","tag-banda","tag-musica"],"_links":{"self":[{"href":"https:\/\/blogs.amarinha.gal\/ribadeando\/wp-json\/wp\/v2\/posts\/6691","targetHints":{"allow":["GET"]}}],"collection":[{"href":"https:\/\/blogs.amarinha.gal\/ribadeando\/wp-json\/wp\/v2\/posts"}],"about":[{"href":"https:\/\/blogs.amarinha.gal\/ribadeando\/wp-json\/wp\/v2\/types\/post"}],"author":[{"embeddable":true,"href":"https:\/\/blogs.amarinha.gal\/ribadeando\/wp-json\/wp\/v2\/users\/3"}],"replies":[{"embeddable":true,"href":"https:\/\/blogs.amarinha.gal\/ribadeando\/wp-json\/wp\/v2\/comments?post=6691"}],"version-history":[{"count":0,"href":"https:\/\/blogs.amarinha.gal\/ribadeando\/wp-json\/wp\/v2\/posts\/6691\/revisions"}],"wp:attachment":[{"href":"https:\/\/blogs.amarinha.gal\/ribadeando\/wp-json\/wp\/v2\/media?parent=6691"}],"wp:term":[{"taxonomy":"category","embeddable":true,"href":"https:\/\/blogs.amarinha.gal\/ribadeando\/wp-json\/wp\/v2\/categories?post=6691"},{"taxonomy":"post_tag","embeddable":true,"href":"https:\/\/blogs.amarinha.gal\/ribadeando\/wp-json\/wp\/v2\/tags?post=6691"}],"curies":[{"name":"wp","href":"https:\/\/api.w.org\/{rel}","templated":true}]}}