{"id":6674,"date":"2015-01-24T20:48:00","date_gmt":"2015-01-24T19:48:00","guid":{"rendered":""},"modified":"2024-11-12T14:04:59","modified_gmt":"2024-11-12T13:04:59","slug":"ribadeo-por-que-non","status":"publish","type":"post","link":"https:\/\/blogs.amarinha.gal\/ribadeando\/2015\/01\/24\/ribadeo-por-que-non\/","title":{"rendered":"Ribadeo, por que non?"},"content":{"rendered":"<p>Est\u00e1 en marcha unha <a href=\"http:\/\/ribadeo.gal\/actualidade\/nova.php?id=1706&amp;lg=gal\">campa\u00f1a de promoci\u00f3n tur\u00edstica de Ribadeo<\/a>, nomeada cun hashtag: #Ribadeoxqsi.<\/p>\n<p>Din que isto das campa\u00f1as \u00e9 o m\u00e9todo que ven sendo tradicional, e o hashtag ser\u00eda a parte de innovaci\u00f3n, xunto co dito, porque si. Tam\u00e9n ven sendo tradicional que as campa\u00f1as se lancen co motivo de acudir a unha feira como Fitur e que se desenvolvan certos resortes como unha recepci\u00f3n en Madrid.<\/p>\n<p>Ser\u00e1 que non entendo ben o tema da promoci\u00f3n (das promoci\u00f3ns?), ou que non me propuxen unha alternativa antes, o que impedir\u00eda unha visi\u00f3n de conxunto, pero non me gusta o de #Ribadeoxqsi. Quizais porque creo que \u00e9 a acci\u00f3n do d\u00eda a d\u00eda o que fai que as cousas funcionen, e a mellora continua, en troques de facelo a impulsos. Poidera ser debido a que a afirmaci\u00f3n sen m\u00e1is, &#8216;porque si&#8217;, sen contexto, nin explicaci\u00f3n, parece unha orde e lembra a ditadura. Pode que porque os hashtag conc\u00edboos con outros usos, e, de empregalos como propaganda, cunha visi\u00f3n de viralidade que non vexo neste caso. \u00d3 mellor \u00e9 porque entendo que as campa\u00f1as para que sexan efectivas te\u00f1en que ser creativas, e isto par\u00e9ceme aquelo de &#8216;vi\u00f1o vello en odres novos&#8217;. Ou porque entendo que unha feira \u00e9 para promocionar o que xa hai, e por tanto non te\u00f1en espazo espec\u00edfico para facer unha difusi\u00f3n, entrando en competici\u00f3n dende o primeiro momento con outras moitas alternativas. Pode que sexa por considerar demasiado tradicionais as recepci\u00f3ns, unha das actividades da presentaci\u00f3n. Tam\u00e9n pode ser debido \u00f3 acento final do hashtag, ou \u00f3 non saber po\u00f1er en abreviatura dixital o ingl\u00e9s because&#8230;<\/p>\n<p>O caso \u00e9 que a min non me ten que convencer. Eu xa estou convencido.<\/p>\n","protected":false},"excerpt":{"rendered":"<p>Est\u00e1 en marcha unha campa\u00f1a de promoci\u00f3n tur\u00edstica de Ribadeo, nomeada cun hashtag: #Ribadeoxqsi. Din que isto das campa\u00f1as \u00e9 o m\u00e9todo que ven sendo tradicional, e o hashtag ser\u00eda a parte de innovaci\u00f3n, xunto co dito, porque si. Tam\u00e9n ven sendo tradicional que as campa\u00f1as se lancen co motivo de acudir a unha feira [&hellip;]<\/p>\n","protected":false},"author":3,"featured_media":0,"comment_status":"open","ping_status":"closed","sticky":false,"template":"","format":"standard","meta":{"activitypub_content_warning":"","activitypub_content_visibility":"","activitypub_max_image_attachments":3,"activitypub_interaction_policy_quote":"anyone","activitypub_status":"federate","footnotes":""},"categories":[1],"tags":[9],"class_list":["post-6674","post","type-post","status-publish","format-standard","hentry","category-sen-categoria","tag-sociedade"],"_links":{"self":[{"href":"https:\/\/blogs.amarinha.gal\/ribadeando\/wp-json\/wp\/v2\/posts\/6674","targetHints":{"allow":["GET"]}}],"collection":[{"href":"https:\/\/blogs.amarinha.gal\/ribadeando\/wp-json\/wp\/v2\/posts"}],"about":[{"href":"https:\/\/blogs.amarinha.gal\/ribadeando\/wp-json\/wp\/v2\/types\/post"}],"author":[{"embeddable":true,"href":"https:\/\/blogs.amarinha.gal\/ribadeando\/wp-json\/wp\/v2\/users\/3"}],"replies":[{"embeddable":true,"href":"https:\/\/blogs.amarinha.gal\/ribadeando\/wp-json\/wp\/v2\/comments?post=6674"}],"version-history":[{"count":0,"href":"https:\/\/blogs.amarinha.gal\/ribadeando\/wp-json\/wp\/v2\/posts\/6674\/revisions"}],"wp:attachment":[{"href":"https:\/\/blogs.amarinha.gal\/ribadeando\/wp-json\/wp\/v2\/media?parent=6674"}],"wp:term":[{"taxonomy":"category","embeddable":true,"href":"https:\/\/blogs.amarinha.gal\/ribadeando\/wp-json\/wp\/v2\/categories?post=6674"},{"taxonomy":"post_tag","embeddable":true,"href":"https:\/\/blogs.amarinha.gal\/ribadeando\/wp-json\/wp\/v2\/tags?post=6674"}],"curies":[{"name":"wp","href":"https:\/\/api.w.org\/{rel}","templated":true}]}}