{"id":6673,"date":"2015-01-26T09:49:00","date_gmt":"2015-01-26T08:49:00","guid":{"rendered":""},"modified":"2024-11-12T14:04:57","modified_gmt":"2024-11-12T13:04:57","slug":"grecia-non-e-ribadeo","status":"publish","type":"post","link":"https:\/\/blogs.amarinha.gal\/ribadeando\/2015\/01\/26\/grecia-non-e-ribadeo\/","title":{"rendered":"Grecia non \u00e9 Ribadeo"},"content":{"rendered":"<p>Lin onte que hoxe hai moitos analistas pol\u00edticos que saben de Grecia. Eu s\u00f3 constato que Grecia e Espa\u00f1a son diferentes, a nivel estado, e m\u00e1is a\u00ednda, Grecia, un estado, e Ribadeo, un concello. E coas diferenzas, as posibles semellanzas ou sinxelamente, curiosidades observables.<\/p>\n<p>Segundo eldiario.es, os resultados neste momento ser\u00edan:<\/p>\n<p><a href=\"https:\/\/blogger.googleusercontent.com\/img\/b\/R29vZ2xl\/AVvXsEgSTwzl8X2HtKt97Cp5Pa4-OQKoZkkm58C8lDZ1Kxypg18MwpnRSU3ccF3pnZ3XWRIuOU1Td4WNhAIGR5sNTmB6uVLghfjAggeqqFyLhyjdBtXoJuejfpSNb6iry7T5i-VFFV9Srg\/s2048\/elecci%C3%B3ns+Grecia.png\" imageanchor=\"1\" style=\"margin-left: 1em; margin-right: 1em;\"><img loading=\"lazy\" decoding=\"async\" src=\"https:\/\/blogger.googleusercontent.com\/img\/b\/R29vZ2xl\/AVvXsEgSTwzl8X2HtKt97Cp5Pa4-OQKoZkkm58C8lDZ1Kxypg18MwpnRSU3ccF3pnZ3XWRIuOU1Td4WNhAIGR5sNTmB6uVLghfjAggeqqFyLhyjdBtXoJuejfpSNb6iry7T5i-VFFV9Srg\/s2048\/elecci%C3%B3ns+Grecia.png\" height=\"248\" width=\"640\" \/><\/a><\/p>\n<p>As\u00ed, o primeiro que podemos observar \u00e9 que o partido ganador, Syriza, logra estar a piques da maior\u00eda absoluta pola prima de 50 prazas que se lle da \u00f3 ganador &#8216;para facer gobernable o pa\u00eds&#8217;. Dir\u00edase que \u00e9 para manter en prazas c\u00f3modas a partidos pouco molestos, pero neste caso, o resultado inclinous cara a un partido que ven sendo tildado polos medios como&nbsp; &#8216;molesto&#8217;<\/p>\n<p>O segundo, se descontamos ese 50 deputados &#8216;de prima&#8217;, \u00e9 que o resultado en escanos &#8216;calca&#8217; as porcentaxes de voto obtidas unha volta quitados os votos dos partidos que non obte\u00f1en representaci\u00f3n (columna sen remarcar en baixo), mentras que se nota que os outros partidos non representados ter\u00edan votos para 22 deputados de non ser sacados f\u00f3ra do xogo polas normas electorais (columna e.pos. comparada coa columna &#8216;escanos&#8217;). Cousas dos sistemas de c\u00f3mputo electoral, neste caso, gregos.<\/p>\n<p><a href=\"https:\/\/blogger.googleusercontent.com\/img\/b\/R29vZ2xl\/AVvXsEiI0dH5jf3pUfTWzrIcVbmXRuuC0-Rw-qYE6dT2_uK801xsxChi1dLfTsRwAwYOBwspTgIYI9uf8qN3BF3cpX8gjoMXVFfPORvGp9baMLtnzvhCtXtM6gR7t32ZMdUGtftWj7qCVQ\/s2048\/Elecci%C3%B3ns+Grecia+2.png\" imageanchor=\"1\" style=\"margin-left: 1em; margin-right: 1em;\"><img loading=\"lazy\" decoding=\"async\" src=\"https:\/\/blogger.googleusercontent.com\/img\/b\/R29vZ2xl\/AVvXsEiI0dH5jf3pUfTWzrIcVbmXRuuC0-Rw-qYE6dT2_uK801xsxChi1dLfTsRwAwYOBwspTgIYI9uf8qN3BF3cpX8gjoMXVFfPORvGp9baMLtnzvhCtXtM6gR7t32ZMdUGtftWj7qCVQ\/s2048\/Elecci%C3%B3ns+Grecia+2.png\" height=\"270\" width=\"640\" \/><\/a><\/p>\n<p>Seguindo alg\u00fan tempo o reconto de resultados, observei adem\u00e1is que a\u00edndfa que Syriza aumento de xeito continuado \u00f3 longo do tempo a porcentaxe de votos, non foi un aumento representativo, \u00f3 igual que o resto de partidos mantiveron de xeito aproximado os resultados de comezo a fin. Iso poder\u00eda indicar unha maior uniformidade de resultados \u00f3 longo de Grecia, onde que eu saiba non hai partidos que non abrangan a todo o estado, que en Espa\u00f1a (onde si os hai), sendo as diferenzas m\u00e1is ben por tipo de mesa electoral (pro exemplo, pode ser que as rurais den os resultados antes, por termo medio).<\/p>\n<p>O n\u00famero de partidos ser\u00eda maior en Espa\u00f1a, pero s\u00f3 \u00f3 considerar os partidos que non pretenden abranguer todo o territorio estatal.<\/p>\n<p>En Grecia diriase que chega un novo &#8216;bipartidismo&#8217;, quedando relegado o PASOK, os socialistas, a forza minoritaria despois de ter estado entre as principais durante moito tempo. Pero \u00e9 un bipartidismo asim\u00e9trico: Syriza, grazas \u00f3s 50 escanos de bonus, ten case o dobre de postos que o segundo partido.<\/p>\n<p>Outra &#8216;curiosidade&#8217; a notar \u00e9 que Amencer Dourado, a\u00ednda que moi separado do segundo e moi preto do cuarto, queda en terceiro lugar. Para un partido neonazi, da que pensar cara \u00f3 futuro.<\/p>\n<p>En fin, e&#8230; Espa\u00f1a?<\/p>\n<p>Syriza identificouse con Podemos, pero nen te\u00f1en a mesma estrutura nin o mesmo contexto. E mesmo con Syriza non se sabe a\u00ednda, unha vlta que tome o poder, a deriva que pode coller. O cambio, a s\u00faa posibilidade en Grecia, est\u00e1 a\u00ed, e Podemos tenta representar un cambio que en Espa\u00f1a qu\u00e9rese, sen concretar moito m\u00e1is al\u00f3 da corrupci\u00f3n e a atenci\u00f3n \u00f3 que quere a xente. O cambio en Grecia da ilusi\u00f3n, pero polo momento, ir m\u00e1is al\u00f3 f\u00f3ra dunha nebulosa de posibilidades, \u00e9 de ilusos.<\/p>\n<p>En en Ribadeo? O BNG e Fernando Su\u00e1rez non son o PASOK e\/ou Samaras, a m\u00e1is de que as elecci\u00f3ns gregas foron xerais e non locais. Neste caso, xa non falar\u00edamos de ilusi\u00f3n e ilusos, sen\u00f3n de ciencia ficci\u00f3n.<\/p>\n","protected":false},"excerpt":{"rendered":"<p>Lin onte que hoxe hai moitos analistas pol\u00edticos que saben de Grecia. Eu s\u00f3 constato que Grecia e Espa\u00f1a son diferentes, a nivel estado, e m\u00e1is a\u00ednda, Grecia, un estado, e Ribadeo, un concello. E coas diferenzas, as posibles semellanzas ou sinxelamente, curiosidades observables. Segundo eldiario.es, os resultados neste momento ser\u00edan: As\u00ed, o primeiro que [&hellip;]<\/p>\n","protected":false},"author":3,"featured_media":0,"comment_status":"open","ping_status":"closed","sticky":false,"template":"","format":"standard","meta":{"activitypub_content_warning":"","activitypub_content_visibility":"","activitypub_max_image_attachments":3,"activitypub_interaction_policy_quote":"anyone","activitypub_status":"federated","footnotes":""},"categories":[1],"tags":[48,13],"class_list":["post-6673","post","type-post","status-publish","format-standard","hentry","category-sen-categoria","tag-eleccions","tag-politica"],"_links":{"self":[{"href":"https:\/\/blogs.amarinha.gal\/ribadeando\/wp-json\/wp\/v2\/posts\/6673","targetHints":{"allow":["GET"]}}],"collection":[{"href":"https:\/\/blogs.amarinha.gal\/ribadeando\/wp-json\/wp\/v2\/posts"}],"about":[{"href":"https:\/\/blogs.amarinha.gal\/ribadeando\/wp-json\/wp\/v2\/types\/post"}],"author":[{"embeddable":true,"href":"https:\/\/blogs.amarinha.gal\/ribadeando\/wp-json\/wp\/v2\/users\/3"}],"replies":[{"embeddable":true,"href":"https:\/\/blogs.amarinha.gal\/ribadeando\/wp-json\/wp\/v2\/comments?post=6673"}],"version-history":[{"count":0,"href":"https:\/\/blogs.amarinha.gal\/ribadeando\/wp-json\/wp\/v2\/posts\/6673\/revisions"}],"wp:attachment":[{"href":"https:\/\/blogs.amarinha.gal\/ribadeando\/wp-json\/wp\/v2\/media?parent=6673"}],"wp:term":[{"taxonomy":"category","embeddable":true,"href":"https:\/\/blogs.amarinha.gal\/ribadeando\/wp-json\/wp\/v2\/categories?post=6673"},{"taxonomy":"post_tag","embeddable":true,"href":"https:\/\/blogs.amarinha.gal\/ribadeando\/wp-json\/wp\/v2\/tags?post=6673"}],"curies":[{"name":"wp","href":"https:\/\/api.w.org\/{rel}","templated":true}]}}