{"id":6672,"date":"2015-01-27T08:03:00","date_gmt":"2015-01-27T07:03:00","guid":{"rendered":""},"modified":"2024-11-12T14:04:56","modified_gmt":"2024-11-12T13:04:56","slug":"aceptas-un-desafio-con-trampa","status":"publish","type":"post","link":"https:\/\/blogs.amarinha.gal\/ribadeando\/2015\/01\/27\/aceptas-un-desafio-con-trampa\/","title":{"rendered":"Aceptas un desaf\u00edo con trampa?"},"content":{"rendered":"<p>Se chegaches ata aqu\u00ed entendo que si, que o aceptas.<\/p>\n<p>Ben, gana quen atope en m\u00e1is sitios a orde do d\u00eda do <a href=\"http:\/\/ribadeo.gal\/actualidade\/nova.php?id=1707&amp;lg=gal\">pleno de hoxe<\/a>. Non, a ligaz\u00f3n non trata da orde do d\u00eda do pleno, sen\u00f3n dun anuncio dalgunha das s\u00faas partes como propaganda institucional, logo non conta.<\/p>\n<p>Se non me equivoco, ganar\u00e1n os concelleiros, cousa que parece l\u00f3xica. O que pode non parecer tan l\u00f3xico \u00e9 o n\u00famero de veces que poden atopar de xeito natural a orde do d\u00eda do pleno que se celebrar\u00e1 hoxe (casa do concello de Ribadeo, sal\u00f3n de plenos, 20:00 horas). Calculo que d\u00faas, e iso porque est\u00e1n sobre aviso: a convocatoria oficial que lles chegar\u00e1 \u00e1 casa e a correspondente no taboleiro de avisos do concello.<\/p>\n<p>\u00c9 dicir, se es cidad\u00e1n de a p\u00e9, na era da inform\u00e1tica, ter\u00e1s que afacerte a ir \u00f3 concello ata que te atopes, entre a morea de papeis al\u00ed expostos na entrada, a convocatoria correspondente. As convocatorias que te atopar\u00e1s na web do concello son para o mercado do Nadal [<a href=\"http:\/\/ribadeo.gal\/eadministracion\/convocatoria.php?id=141&amp;lg=gal\">XI MERCADO DE NADAL<\/a> En prazo de presentaci\u00f3n: (15\/10\/2014 &#8211; 30\/10\/2014) ] e as bases reguladoras do concuros do Antroido 2015. A parte diso, m\u00e1is ac\u00f3 da \u00faltima contrataci\u00f3n (precisamente da plataforma dixital, 30\/10\/14), o \u00fanico que hai na web do concello son as &#8216;Novas&#8217; de informaci\u00f3n\/propaganda institucional.<\/p>\n<p>As\u00ed que, o desaf\u00edo ti\u00f1a trampa. Es concelleiro\/a ou perdiches o desaf\u00edo?<\/p>\n<p>E logo, ir\u00e1s \u00f3 pleno a procurar como se manexan os asuntos que nos incumben a todos?<\/p>\n<p>&#8212;<\/p>\n<p>Nota posterior:<\/p>\n<p>Pola tarde xa, un comentario me fai ver que a orde do d\u00eda foi <a href=\"http:\/\/ribadeo.gal\/imxd\/procedementos\/doc\/1422347595convocatoria_pleno.pdf\">publicada na web con posterioridade<\/a>, como amosa a creaci\u00f3n do pdf do que deixo o pantallazo de informaci\u00f3n: <\/p>\n<p><a href=\"https:\/\/blogger.googleusercontent.com\/img\/b\/R29vZ2xl\/AVvXsEhqLrNsE_KL5ZBIEyqZf_q76aqZCFPhBowr-CklGKMd8UKA-6vEgrbYspFyR_wTUQQrmSEtiInP9HAHdoNHAdsNWNBONUNSwUM6D5iDqaan3_edcYK2RVOioW_TdkgAgsyajHZvXQ\/s2048\/pantrallazo+acta.png\" imageanchor=\"1\" style=\"margin-left: 1em; margin-right: 1em;\"><img loading=\"lazy\" decoding=\"async\" src=\"https:\/\/blogger.googleusercontent.com\/img\/b\/R29vZ2xl\/AVvXsEhqLrNsE_KL5ZBIEyqZf_q76aqZCFPhBowr-CklGKMd8UKA-6vEgrbYspFyR_wTUQQrmSEtiInP9HAHdoNHAdsNWNBONUNSwUM6D5iDqaan3_edcYK2RVOioW_TdkgAgsyajHZvXQ\/s2048\/pantrallazo+acta.png\" height=\"434\" width=\"640\" \/><\/a><\/p>\n<p>Tam\u00e9n deixo a convocatoria tal como apareceu despois na p\u00e1xina (e podes ver ti nestes momentos):<\/p>\n<p><a href=\"https:\/\/blogger.googleusercontent.com\/img\/b\/R29vZ2xl\/AVvXsEhKPNCApCkTU0vl_1ZYSkAy_F6J6pRJR7i-XAaLGi74CQOeI7_GTsUOz9WLQrlWSH7RXk6XHP0w3-itIag2dv4I-gKyh7FdYK6gVrENO8ahe-KenN2gZUWomA2nFR56VPwDHSegtQ\/s2048\/1422347595convocatoria_pleno.png\" imageanchor=\"1\" style=\"margin-left: 1em; margin-right: 1em;\"><img loading=\"lazy\" decoding=\"async\" src=\"https:\/\/blogger.googleusercontent.com\/img\/b\/R29vZ2xl\/AVvXsEhKPNCApCkTU0vl_1ZYSkAy_F6J6pRJR7i-XAaLGi74CQOeI7_GTsUOz9WLQrlWSH7RXk6XHP0w3-itIag2dv4I-gKyh7FdYK6gVrENO8ahe-KenN2gZUWomA2nFR56VPwDHSegtQ\/s2048\/1422347595convocatoria_pleno.png\" height=\"640\" width=\"452\" \/><\/a><\/p>\n<p>De calquera xeito, celebro que se puxera. O que espero \u00e9 que en veces sucesivas, se po\u00f1a a tempo.<\/p>\n","protected":false},"excerpt":{"rendered":"<p>Se chegaches ata aqu\u00ed entendo que si, que o aceptas. Ben, gana quen atope en m\u00e1is sitios a orde do d\u00eda do pleno de hoxe. Non, a ligaz\u00f3n non trata da orde do d\u00eda do pleno, sen\u00f3n dun anuncio dalgunha das s\u00faas partes como propaganda institucional, logo non conta. Se non me equivoco, ganar\u00e1n os [&hellip;]<\/p>\n","protected":false},"author":3,"featured_media":0,"comment_status":"open","ping_status":"closed","sticky":false,"template":"","format":"standard","meta":{"activitypub_content_warning":"","activitypub_content_visibility":"","activitypub_max_image_attachments":3,"activitypub_interaction_policy_quote":"anyone","activitypub_status":"federated","footnotes":""},"categories":[1],"tags":[32,13],"class_list":["post-6672","post","type-post","status-publish","format-standard","hentry","category-sen-categoria","tag-filosofia","tag-politica"],"_links":{"self":[{"href":"https:\/\/blogs.amarinha.gal\/ribadeando\/wp-json\/wp\/v2\/posts\/6672","targetHints":{"allow":["GET"]}}],"collection":[{"href":"https:\/\/blogs.amarinha.gal\/ribadeando\/wp-json\/wp\/v2\/posts"}],"about":[{"href":"https:\/\/blogs.amarinha.gal\/ribadeando\/wp-json\/wp\/v2\/types\/post"}],"author":[{"embeddable":true,"href":"https:\/\/blogs.amarinha.gal\/ribadeando\/wp-json\/wp\/v2\/users\/3"}],"replies":[{"embeddable":true,"href":"https:\/\/blogs.amarinha.gal\/ribadeando\/wp-json\/wp\/v2\/comments?post=6672"}],"version-history":[{"count":0,"href":"https:\/\/blogs.amarinha.gal\/ribadeando\/wp-json\/wp\/v2\/posts\/6672\/revisions"}],"wp:attachment":[{"href":"https:\/\/blogs.amarinha.gal\/ribadeando\/wp-json\/wp\/v2\/media?parent=6672"}],"wp:term":[{"taxonomy":"category","embeddable":true,"href":"https:\/\/blogs.amarinha.gal\/ribadeando\/wp-json\/wp\/v2\/categories?post=6672"},{"taxonomy":"post_tag","embeddable":true,"href":"https:\/\/blogs.amarinha.gal\/ribadeando\/wp-json\/wp\/v2\/tags?post=6672"}],"curies":[{"name":"wp","href":"https:\/\/api.w.org\/{rel}","templated":true}]}}