{"id":6670,"date":"2015-01-28T08:30:00","date_gmt":"2015-01-28T07:30:00","guid":{"rendered":""},"modified":"2024-11-12T14:04:53","modified_gmt":"2024-11-12T13:04:53","slug":"espectador-privilexiado","status":"publish","type":"post","link":"https:\/\/blogs.amarinha.gal\/ribadeando\/2015\/01\/28\/espectador-privilexiado\/","title":{"rendered":"Espectador privilexiado"},"content":{"rendered":"<p>Onte tiven (unha vez m\u00e1is) a ocasi\u00f3n de ser espectador privilexiado. Entend\u00e1monos, o privilexio ven sinxelamente de ser espectador case \u00fanico dun acto que \u00e9 p\u00fablico e onde se deciden actuaci\u00f3ns sobre a vida do conxunto de Ribadeo: o pleno municipal. Onte eramos d\u00faas persoas as que estabamos mirando o desenvolvemento do pleno, co que me considero un privilexiado, participante (por \u00ednfima que sexa a medida desa participaci\u00f3n \u00f3 ser un sinxelo espectador).<\/p>\n<p>Considero que un pleno comeza a desenvolverse dende antes de que se da por aberta a sesi\u00f3n: hai comisi\u00f3n(s) preparatorias, a convocatoria propiamente dita, as <a href=\"http:\/\/ribadeo.gal\/actualidade\/nova.php?id=1707&amp;lg=gal\">actuaci\u00f3ns dos partidos para preparalo<\/a> (sup\u00f3\u00f1ense, como na mili)&#8230; <a href=\"http:\/\/ribadeando.blogspot.com.es\/2015\/01\/aceptas-un-desafio-con-trampa.html\">Neste caso, tam\u00e9n<\/a>.<\/p>\n<p>A sesi\u00f3n foi aberta ben pasadas as oito da tarde, desculpando a presenza de Xavi Campos. A acta anterior (correspondente \u00f3 18 de novembro de 2014) foi aprobada e pasouse \u00f3 segundo dos puntos da orde do d\u00eda, Expediente de modificaci\u00f3n de cr\u00e9dito 02\/2015 por transferencia de cr\u00e9dito Real Decreto Lei 17\/2014.<\/p>\n<p>A modificaci\u00f3n de 150 000 \u20ac que apraza o goberno central do plan de pagos do 2015 e que por tanto, poden adicarse a outros menesteres, deu lugar a unha divisi\u00f3n de voto no PP: 1 en contra (Bra\u00f1a) e 3 abstenci\u00f3ns, algo que foi anunciado \u00f3 comezo por M. Val\u00edn. O desglose aproximado da nova adicaci\u00f3n deses 150 000 \u20ac \u00e9, se non entend\u00edn mal:<\/p>\n<p>20 000 \u20ac, redacci\u00f3n dun novo plan para As Catedrais<\/p>\n<p>10 000 \u20ac para adquisici\u00f3n de contedores<\/p>\n<p>10 000 \u20ac para saneamento dunha baixante na entrada do cemiterio<\/p>\n<p>50 000 \u20ac para o plan de cami\u00f1os no rural<\/p>\n<p>60 000 \u20ac para comezar a reparaci\u00f3n\/adecuaci\u00f3n da v\u00eda paralela \u00e1 do ferrocarril (a que comunica a estrada de Vilela cos Garitos, onde est\u00e1 a marmorer\u00eda)<\/p>\n<p>Lalo Guti\u00e9rrez (PSOE) apoia sen m\u00e1is comentario a proposta.<\/p>\n<p>Tino Reymondez (UPRi) anuncia a s\u00faa abstenci\u00f3n, inclu\u00edndo na s\u00faa disertaci\u00f3n unha advertencia: un informe t\u00e9cnico (neste caso, o do interventor, que polo demais, louvou) non debe inclu\u00edr xu\u00edzos ou interpretaci\u00f3ns pol\u00edticas, que non corresponden \u00f3s funcionarios do concello.<\/p>\n<p>Polo PP, e a conta da divisi\u00f3n de voto, falaron d\u00faas persoas.<\/p>\n<p>A primeira, Campo Bra\u00f1a, non considera as actuaci\u00f3ns previstas nin urxentes, nin xustificadas nin necesarias, aclarando segundo o seu xu\u00edzo cousas como que de ser urxentes, deberan ir nos recentemente aprobados orzamentos 2015, ou que son obras electoralistas nun ano electoral.<\/p>\n<p>A segunda, Azucena Gonz\u00e1lez, defendeu o electoralismo, pero razoou a diferente votaci\u00f3n do resto dos PP en funci\u00f3n de que era unha posibilidade de inversi\u00f3n, a\u00ednda que se puidera discutir a urxencia.<\/p>\n<p>Foron contestadas por Vicente Castro, cunha pequena intervenci\u00f3n final do alcalde. Como se nomeara antes a posibilidade de inversi\u00f3n no campo de f\u00fatbol (a ra\u00edz das novas no xornal sobre o seu estado e suspensi\u00f3n de partidos no Pepe Barrera), razoou que fan falta un m\u00ednimo de 350 000 \u20ac para facer algo e que se siga a usar o campo. Respecto \u00f3 vial paralelo \u00e1 v\u00eda, segundo parece quedouse no \u00faltimo pleno en que era urxente, e incrementouse a urxencia debido \u00e1s chuvias. En relaci\u00f3n \u00f3 electoralismo, non vai a executarse, con seguridade, toda a obra antes das elecci\u00f3ns, e en cambio, \u00e9 electoralista por parte do goberno central o liberar \u00f3s concellos esas cantidades a 26 de decembro, cando haber\u00e1 concellos que non se podan beneficiar da medida por ter xa solicitado e contratado cr\u00e9ditos \u00f3s bancos, por exemplo. O resultado da votaci\u00f3n, o dito: 7 a favor, 4 abstenci\u00f3ns e un voto en contra.<\/p>\n<p>E paro: s\u00f3 asist\u00edn \u00f3 comezo do punto seguinte, Control dos \u00f3rganos da Corporaci\u00f3n (art. 46.2 da Lei 7\/1985, de 2 de abril, reguladora das Bases de R\u00e9xime Local). Daci\u00f3n de conta de decretos ditados pola Alcald\u00eda-Presidencia. Moci\u00f3ns. Rogos e Preguntas. S\u00f3 dicir que houbo unha moci\u00f3n do BNG sobre a creaci\u00f3n dunha tarifa el\u00e9ctrica galega.<\/p>\n","protected":false},"excerpt":{"rendered":"<p>Onte tiven (unha vez m\u00e1is) a ocasi\u00f3n de ser espectador privilexiado. Entend\u00e1monos, o privilexio ven sinxelamente de ser espectador case \u00fanico dun acto que \u00e9 p\u00fablico e onde se deciden actuaci\u00f3ns sobre a vida do conxunto de Ribadeo: o pleno municipal. Onte eramos d\u00faas persoas as que estabamos mirando o desenvolvemento do pleno, co que [&hellip;]<\/p>\n","protected":false},"author":3,"featured_media":0,"comment_status":"open","ping_status":"closed","sticky":false,"template":"","format":"standard","meta":{"activitypub_content_warning":"","activitypub_content_visibility":"","activitypub_max_image_attachments":3,"activitypub_interaction_policy_quote":"anyone","activitypub_status":"federated","footnotes":""},"categories":[1],"tags":[105,42],"class_list":["post-6670","post","type-post","status-publish","format-standard","hentry","category-sen-categoria","tag-catedrais","tag-plenos"],"_links":{"self":[{"href":"https:\/\/blogs.amarinha.gal\/ribadeando\/wp-json\/wp\/v2\/posts\/6670","targetHints":{"allow":["GET"]}}],"collection":[{"href":"https:\/\/blogs.amarinha.gal\/ribadeando\/wp-json\/wp\/v2\/posts"}],"about":[{"href":"https:\/\/blogs.amarinha.gal\/ribadeando\/wp-json\/wp\/v2\/types\/post"}],"author":[{"embeddable":true,"href":"https:\/\/blogs.amarinha.gal\/ribadeando\/wp-json\/wp\/v2\/users\/3"}],"replies":[{"embeddable":true,"href":"https:\/\/blogs.amarinha.gal\/ribadeando\/wp-json\/wp\/v2\/comments?post=6670"}],"version-history":[{"count":0,"href":"https:\/\/blogs.amarinha.gal\/ribadeando\/wp-json\/wp\/v2\/posts\/6670\/revisions"}],"wp:attachment":[{"href":"https:\/\/blogs.amarinha.gal\/ribadeando\/wp-json\/wp\/v2\/media?parent=6670"}],"wp:term":[{"taxonomy":"category","embeddable":true,"href":"https:\/\/blogs.amarinha.gal\/ribadeando\/wp-json\/wp\/v2\/categories?post=6670"},{"taxonomy":"post_tag","embeddable":true,"href":"https:\/\/blogs.amarinha.gal\/ribadeando\/wp-json\/wp\/v2\/tags?post=6670"}],"curies":[{"name":"wp","href":"https:\/\/api.w.org\/{rel}","templated":true}]}}