{"id":6660,"date":"2015-02-05T08:14:00","date_gmt":"2015-02-05T07:14:00","guid":{"rendered":""},"modified":"2024-11-12T14:04:31","modified_gmt":"2024-11-12T13:04:31","slug":"blogs-e-politica","status":"publish","type":"post","link":"https:\/\/blogs.amarinha.gal\/ribadeando\/2015\/02\/05\/blogs-e-politica\/","title":{"rendered":"Blogues e pol\u00edtica"},"content":{"rendered":"<p>\u00d3 pouco tempo de falar da <a href=\"http:\/\/ribadeando.blogspot.com.es\/2015\/02\/nota-de-prensa-presentacion-de-ribadeo.html\">presentaci\u00f3n, hoxe, de Ribadeo en Com\u00fan<\/a>, ou do <a href=\"http:\/\/ribadeando.blogspot.com.es\/2015\/02\/ribadeo-aspira-smart-city.html\">uso da intelixencia colectiva como base para desenvolver unha pol\u00edtica<\/a> municipal, ou do <a href=\"http:\/\/ribadeando.blogspot.com.es\/2015\/02\/medindo-resultados-de-campanas-de.html\">trasvase da propaganda doutro tipo a institucional\/pol\u00edtica<\/a>, at\u00f3pome en <a href=\"http:\/\/im-pulso.blogspot.com.es\/2015\/02\/estudio-sobre-la-relacion-de-ida-y.html\">im-pulso<\/a> a ligaz\u00f3n a unha <a href=\"https:\/\/www.onlineencuesta.com\/s\/tesisesp\">enquisa sobre interactividade, blogues e liderazgo de opini\u00f3n pol\u00edtica<\/a>, enquisa que lle pasaron para referirse a dito blogue, entre outros tam\u00e9n elixidos.<\/p>\n<p>Ou sexa, algo as\u00ed como &#8216;os blogues non morren, transf\u00f3rmanse, ad\u00e1ptanse e te\u00f1en influencia, verdade?&#8217;<\/p>\n<p>&#8230; podedes botarlle unha ollada, e obter algo m\u00e1is de idea sobre participaci\u00f3n e introspecci\u00f3n pol\u00edtica propia.<\/p>\n","protected":false},"excerpt":{"rendered":"<p>\u00d3 pouco tempo de falar da presentaci\u00f3n, hoxe, de Ribadeo en Com\u00fan, ou do uso da intelixencia colectiva como base para desenvolver unha pol\u00edtica municipal, ou do trasvase da propaganda doutro tipo a institucional\/pol\u00edtica, at\u00f3pome en im-pulso a ligaz\u00f3n a unha enquisa sobre interactividade, blogues e liderazgo de opini\u00f3n pol\u00edtica, enquisa que lle pasaron para [&hellip;]<\/p>\n","protected":false},"author":3,"featured_media":0,"comment_status":"open","ping_status":"closed","sticky":false,"template":"","format":"standard","meta":{"activitypub_content_warning":"","activitypub_content_visibility":"","activitypub_max_image_attachments":3,"activitypub_interaction_policy_quote":"anyone","activitypub_status":"federate","footnotes":""},"categories":[1],"tags":[13],"class_list":["post-6660","post","type-post","status-publish","format-standard","hentry","category-sen-categoria","tag-politica"],"_links":{"self":[{"href":"https:\/\/blogs.amarinha.gal\/ribadeando\/wp-json\/wp\/v2\/posts\/6660","targetHints":{"allow":["GET"]}}],"collection":[{"href":"https:\/\/blogs.amarinha.gal\/ribadeando\/wp-json\/wp\/v2\/posts"}],"about":[{"href":"https:\/\/blogs.amarinha.gal\/ribadeando\/wp-json\/wp\/v2\/types\/post"}],"author":[{"embeddable":true,"href":"https:\/\/blogs.amarinha.gal\/ribadeando\/wp-json\/wp\/v2\/users\/3"}],"replies":[{"embeddable":true,"href":"https:\/\/blogs.amarinha.gal\/ribadeando\/wp-json\/wp\/v2\/comments?post=6660"}],"version-history":[{"count":0,"href":"https:\/\/blogs.amarinha.gal\/ribadeando\/wp-json\/wp\/v2\/posts\/6660\/revisions"}],"wp:attachment":[{"href":"https:\/\/blogs.amarinha.gal\/ribadeando\/wp-json\/wp\/v2\/media?parent=6660"}],"wp:term":[{"taxonomy":"category","embeddable":true,"href":"https:\/\/blogs.amarinha.gal\/ribadeando\/wp-json\/wp\/v2\/categories?post=6660"},{"taxonomy":"post_tag","embeddable":true,"href":"https:\/\/blogs.amarinha.gal\/ribadeando\/wp-json\/wp\/v2\/tags?post=6660"}],"curies":[{"name":"wp","href":"https:\/\/api.w.org\/{rel}","templated":true}]}}