{"id":6659,"date":"2015-02-05T17:51:00","date_gmt":"2015-02-05T16:51:00","guid":{"rendered":""},"modified":"2024-11-12T14:04:29","modified_gmt":"2024-11-12T13:04:29","slug":"sobre-presentacion-de-rec-todo-o-que","status":"publish","type":"post","link":"https:\/\/blogs.amarinha.gal\/ribadeando\/2015\/02\/05\/sobre-presentacion-de-rec-todo-o-que\/","title":{"rendered":"Sobre a presentaci\u00f3n de ReC: Todo o que podes saber sobre Ribadeo en com\u00fan (polo momento)"},"content":{"rendered":"<p>Collo foto, emblema (do facebook de Ribadeo en Com\u00fan), audio (v\u00eddeo en youtube da Ser-Occidente\/ORT) e a ligaz\u00f3n \u00e1s entradas sobre Ribadeo en Com\u00fan no blog (seguro que falta algunha)<\/p>\n<p><img loading=\"lazy\" decoding=\"async\" alt=\"\" height=\"640\" src=\"https:\/\/scontent-a-mad.xx.fbcdn.net\/hphotos-xpa1\/v\/t1.0-9\/p720x720\/10952262_1442566506033622_8829139983745592853_n.jpg?oh=04a0aa19a6541ea597b0d3c51ce8016b&amp;oe=555E4F37\" width=\"640\" \/><\/p>\n<p>O logotipo, e alg\u00fans dos participantes que arrouparon esta ma\u00f1\u00e1 \u00f3 portavoz actual.<\/p>\n<p><img loading=\"lazy\" decoding=\"async\" alt=\"\" height=\"384\" src=\"https:\/\/fbcdn-sphotos-g-a.akamaihd.net\/hphotos-ak-xfp1\/v\/t1.0-9\/s2048\/16228_1442788356011437_1136860467205172433_n.jpg?oh=2b7c4b96d756e507fd67678e406fa72a&amp;oe=55607824&amp;__gda__=1431261873_e333bc767d11661a2146607abc137341\" width=\"640\" \/><\/p>\n<p>Sobre a presentaci\u00f3n de ReC (hoxe, 10:30 no local de asociaci\u00f3ns do lavadoiro) en SER Occidente:<\/p>\n<p><iframe loading=\"lazy\" allowfullscreen=\"\" frameborder=\"0\" height=\"360\" src=\"https:\/\/www.youtube.com\/embed\/Y5Bg2kF6z-I\" width=\"480\"><\/iframe><\/p>\n<p>Algunhas entradas anteriores sobre Ribadeo en Com\u00fan en Ribadeando:<\/p>\n<p><a href=\"http:\/\/ribadeando.blogspot.com\/2014\/08\/para-unha-plataforma-cidada-de-cara-as.html\">Para unha plataforma cidad\u00e1 de cara \u00e1s elecci\u00f3ns municipais 20140829<\/a><\/p>\n<p><a href=\"http:\/\/ribadeando.blogspot.com\/2014\/08\/para-unha-plataforma-cidada-de-cara-as.html\">Xeometr\u00eda humana 20140903<\/a><\/p>\n<p><a href=\"http:\/\/ribadeando.blogspot.com\/2014\/10\/nos-e-vos-uns.html\">N\u00f3s e v\u00f3s, uns 20141008<\/a><\/p>\n<p><a href=\"http:\/\/ribadeando.blogspot.com\/2014\/10\/rimadeo-en-comun-manifesto.html\">Ribadeo en Com\u00fan: Manifesto 20141014<\/a><\/p>\n<p><a href=\"http:\/\/ribadeando.blogspot.com\/2014\/10\/a-asemblea-de-o-teson.html\">Unha rectificaci\u00f3n: ReC e O Tes\u00f3n 20141014<\/a><\/p>\n<p><a href=\"http:\/\/ribadeando.blogspot.com\/2014\/10\/comezando-ler-o-xornal-e-parando.html\">Ler o xornal, exercicio mental 20141020<\/a><\/p>\n<p><a href=\"http:\/\/ribadeando.blogspot.com\/2014\/10\/sen-novidade-na-politica-ribadense-e-v.html\">Sen novidade na pol\u00edtica ribadense (e V) 20141024<\/a><\/p>\n<p><a href=\"http:\/\/ribadeando.blogspot.com\/2014\/12\/unha-nova-xa-vella-sobre-ribadeo-en.html\">Unha nova xa vella sobre Ribadeo en Com\u00fan 20141201<\/a><\/p>\n<p><a href=\"http:\/\/ribadeando.blogspot.com.es\/2014\/12\/intelixencia-cooperativa-en-ribadeo.html\">Intelixencia cooperativa en Ribadeo 20141224<\/a> <\/p>\n<p><a href=\"http:\/\/ribadeando.blogspot.com\/2015\/01\/sobre-unha-enquisa-para-as-municipais.html\">Sobre unha enquisa para as municipais 2015 20150121<\/a><\/p>\n<p><a href=\"http:\/\/ribadeando.blogspot.com.es\/2015\/01\/desigualdades-un-caso-de-relevancia-pra.html\">Desigualdades. Un caso de relevancia para Ribadeo 20150129<\/a> <\/p>\n<p><a href=\"http:\/\/ribadeando.blogspot.com.es\/2015\/02\/nota-de-prensa-presentacion-de-ribadeo.html\">Nota de prensa de ReC 20150204<\/a><\/p>\n","protected":false},"excerpt":{"rendered":"<p>Collo foto, emblema (do facebook de Ribadeo en Com\u00fan), audio (v\u00eddeo en youtube da Ser-Occidente\/ORT) e a ligaz\u00f3n \u00e1s entradas sobre Ribadeo en Com\u00fan no blog (seguro que falta algunha) O logotipo, e alg\u00fans dos participantes que arrouparon esta ma\u00f1\u00e1 \u00f3 portavoz actual. Sobre a presentaci\u00f3n de ReC (hoxe, 10:30 no local de asociaci\u00f3ns do [&hellip;]<\/p>\n","protected":false},"author":3,"featured_media":0,"comment_status":"open","ping_status":"closed","sticky":false,"template":"","format":"standard","meta":{"activitypub_content_warning":"","activitypub_content_visibility":"","activitypub_max_image_attachments":3,"activitypub_interaction_policy_quote":"anyone","activitypub_status":"federate","footnotes":""},"categories":[1],"tags":[13,135],"class_list":["post-6659","post","type-post","status-publish","format-standard","hentry","category-sen-categoria","tag-politica","tag-rec"],"_links":{"self":[{"href":"https:\/\/blogs.amarinha.gal\/ribadeando\/wp-json\/wp\/v2\/posts\/6659","targetHints":{"allow":["GET"]}}],"collection":[{"href":"https:\/\/blogs.amarinha.gal\/ribadeando\/wp-json\/wp\/v2\/posts"}],"about":[{"href":"https:\/\/blogs.amarinha.gal\/ribadeando\/wp-json\/wp\/v2\/types\/post"}],"author":[{"embeddable":true,"href":"https:\/\/blogs.amarinha.gal\/ribadeando\/wp-json\/wp\/v2\/users\/3"}],"replies":[{"embeddable":true,"href":"https:\/\/blogs.amarinha.gal\/ribadeando\/wp-json\/wp\/v2\/comments?post=6659"}],"version-history":[{"count":0,"href":"https:\/\/blogs.amarinha.gal\/ribadeando\/wp-json\/wp\/v2\/posts\/6659\/revisions"}],"wp:attachment":[{"href":"https:\/\/blogs.amarinha.gal\/ribadeando\/wp-json\/wp\/v2\/media?parent=6659"}],"wp:term":[{"taxonomy":"category","embeddable":true,"href":"https:\/\/blogs.amarinha.gal\/ribadeando\/wp-json\/wp\/v2\/categories?post=6659"},{"taxonomy":"post_tag","embeddable":true,"href":"https:\/\/blogs.amarinha.gal\/ribadeando\/wp-json\/wp\/v2\/tags?post=6659"}],"curies":[{"name":"wp","href":"https:\/\/api.w.org\/{rel}","templated":true}]}}