{"id":6642,"date":"2015-02-23T07:52:00","date_gmt":"2015-02-23T06:52:00","guid":{"rendered":""},"modified":"2024-11-12T14:04:04","modified_gmt":"2024-11-12T13:04:04","slug":"primum-legere-deinde-cogitare","status":"publish","type":"post","link":"https:\/\/blogs.amarinha.gal\/ribadeando\/2015\/02\/23\/primum-legere-deinde-cogitare\/","title":{"rendered":"Primum legere, deinde cogitare"},"content":{"rendered":"<p>Venme o t\u00edtulo, primeiro ler, logo pensar, dun dito latino ben co\u00f1ecido: &#8216;Primum vivere, deinde filosofare&#8217;, primeiro vivir, logo filosofar, a conto de algo que lin onte. O de onte era unha p\u00e1xina enteira de La voz de Galicia, na que o seu director Santiago Rey Fern\u00e1ndez-Latorre larga unha longa perorata para rematar dicindo algo como &#8216;non votedes Podemos&#8217;, despois dun t\u00edtulo que pode resultar suxerente: &#8216;Pensemos&#8217;.<\/p>\n<p>Acons\u00e9lloo como exercicio de lectura cr\u00edtica. Ou ir\u00f3nica. Ou divertida. Non como un exercicio de simple lectura, deses de tragar unha verba tras outra dun xeito indixerido, que certamente pode rematar en indixesti\u00f3n.<\/p>\n<p>S\u00f3 algunha pincelada descontextualizada, para ir abrindo boca:<\/p>\n<p>-&#8216;Espa\u00f1a est\u00e1 hu\u00e9rfana&#8217;. Non especifica se da pai, nai ou de ambos. O que si parece estar claro \u00e9 a indicaci\u00f3n de que necesitar\u00eda algu\u00e9n que a tutelara. Un caudillo, quiz\u00e1is? Ou un director de empresa period\u00edstica subvencionada polos poderes que temen perder o seu cortello particular?<\/p>\n<p>-&#8216;Desde el momento en que se abran las urnas el \u00e9xito o el fracaso de lo<br \/>\nque vaya a venir corresponder\u00e1 exactamente a quienes tienen la facultad<br \/>\nde decidir: los electores&#8217;. Si, iso, votemos e esquez\u00e1monos despois da pol\u00edtica ata dentro de catro anos, que para iso xa est\u00e1n os elixidos. \u00d3 fin, \u00e9 o que se ven facendo, non? Ou non \u00e9 &#8216;o tradicional&#8217;, e hai que defender as tradici\u00f3ns!<\/p>\n<p>-Aconsella estratexia a canto partido con varias elecci\u00f3ns \u00e1s costas poda haber, mesmo Bildu. E os novos? Non! Eles representan perigo! Son &#8216;la secta&#8217;! E van en connivencia con indesexables, snedeo eles mesmos o xerme da indesexabilidade!<\/p>\n<p>-&#8216;Solo as\u00ed volver\u00e1 a Galicia y a Espa\u00f1a la democracia que merecemos&#8217;. \u00c9 a frase final. Xa temos gu\u00eda. O Capo da empresa sin\u00e1lanos o cami\u00f1o. Non \u00e9 necesario que se presente \u00e1s elecci\u00f3ns, chega con que fagamos o que el nos di.<\/p>\n<p>O dito: pode ser un bo exercicio de lectura cr\u00edtica. M\u00e1goa que por cousas da lexislaci\u00f3n non se deba po\u00f1er a ligaz\u00f3n directa, por se acaso se queixan os medios. Pero, nun buscador calquera podes obtelo r\u00e1pido. Por exemplo, en <a href=\"https:\/\/duckduckgo.com\/\">https:\/\/duckduckgo.com\/<\/a> , con navegaci\u00f3n segura, se pos <em>Pensemos Presidente y editor de La Voz de Galicia<\/em> asi, todo xunto, no seu significado, teralo en primeiro lugar&#8230; Bo proveito!<\/p>\n","protected":false},"excerpt":{"rendered":"<p>Venme o t\u00edtulo, primeiro ler, logo pensar, dun dito latino ben co\u00f1ecido: &#8216;Primum vivere, deinde filosofare&#8217;, primeiro vivir, logo filosofar, a conto de algo que lin onte. O de onte era unha p\u00e1xina enteira de La voz de Galicia, na que o seu director Santiago Rey Fern\u00e1ndez-Latorre larga unha longa perorata para rematar dicindo algo [&hellip;]<\/p>\n","protected":false},"author":3,"featured_media":0,"comment_status":"open","ping_status":"closed","sticky":false,"template":"","format":"standard","meta":{"activitypub_content_warning":"","activitypub_content_visibility":"","activitypub_max_image_attachments":3,"activitypub_interaction_policy_quote":"anyone","activitypub_status":"federated","footnotes":""},"categories":[1],"tags":[13],"class_list":["post-6642","post","type-post","status-publish","format-standard","hentry","category-sen-categoria","tag-politica"],"_links":{"self":[{"href":"https:\/\/blogs.amarinha.gal\/ribadeando\/wp-json\/wp\/v2\/posts\/6642","targetHints":{"allow":["GET"]}}],"collection":[{"href":"https:\/\/blogs.amarinha.gal\/ribadeando\/wp-json\/wp\/v2\/posts"}],"about":[{"href":"https:\/\/blogs.amarinha.gal\/ribadeando\/wp-json\/wp\/v2\/types\/post"}],"author":[{"embeddable":true,"href":"https:\/\/blogs.amarinha.gal\/ribadeando\/wp-json\/wp\/v2\/users\/3"}],"replies":[{"embeddable":true,"href":"https:\/\/blogs.amarinha.gal\/ribadeando\/wp-json\/wp\/v2\/comments?post=6642"}],"version-history":[{"count":0,"href":"https:\/\/blogs.amarinha.gal\/ribadeando\/wp-json\/wp\/v2\/posts\/6642\/revisions"}],"wp:attachment":[{"href":"https:\/\/blogs.amarinha.gal\/ribadeando\/wp-json\/wp\/v2\/media?parent=6642"}],"wp:term":[{"taxonomy":"category","embeddable":true,"href":"https:\/\/blogs.amarinha.gal\/ribadeando\/wp-json\/wp\/v2\/categories?post=6642"},{"taxonomy":"post_tag","embeddable":true,"href":"https:\/\/blogs.amarinha.gal\/ribadeando\/wp-json\/wp\/v2\/tags?post=6642"}],"curies":[{"name":"wp","href":"https:\/\/api.w.org\/{rel}","templated":true}]}}