{"id":6632,"date":"2015-03-06T18:23:00","date_gmt":"2015-03-06T17:23:00","guid":{"rendered":""},"modified":"2024-11-12T14:03:42","modified_gmt":"2024-11-12T13:03:42","slug":"nota-de-prensa-ribadeo-en-comun-ventos","status":"publish","type":"post","link":"https:\/\/blogs.amarinha.gal\/ribadeando\/2015\/03\/06\/nota-de-prensa-ribadeo-en-comun-ventos\/","title":{"rendered":"Nota de prensa: Ribadeo en Com\u00fan, ventos de cambio"},"content":{"rendered":"<p>Sopran ventos de cambio no panorama pol\u00edtico, e moitas xentes de Ribadeo queren participar deles. \u201cRibadeo en Com\u00fan\u201d \u00e9 unha oportunidade para a implicaci\u00f3n da cidadan\u00eda nos asuntos p\u00fablicos e a mudanza nos xeitos de exercer o goberno local.<\/p>\n<p>O noso programa de goberno colaborativo promover\u00e1 usos, dereitos e valores que, sendo apoiados maioritariamente pola sociedade, non atopan espazo nas axendas pol\u00edticas actuais. A diferencia entre o que queremos e o que fan os nosos representantes \u00e9 o resultado de tantos anos de deixar o com\u00fan en mans alleas sen recibir -nin pedir- contas. Hora \u00e9 de xuntarse e comezar a sermos suxeitos activos na xesti\u00f3n do noso.<\/p>\n<p>Que vai no programa? Nada est\u00e1 pechado, porque as medidas elixir\u00e9molas nunha votaci\u00f3n aberta no mes de abril, pero sen d\u00fabida incluir\u00e1 unha mudanza na transparencia e a participaci\u00f3n: gravaci\u00f3n e emisi\u00f3n dos plenos, orzamentos municipais participativos, creaci\u00f3n dunha radio xestionada coa veci\u00f1anza, comisi\u00f3ns de traballo sectoriais&#8230; e tam\u00e9n outros aspectos como a recuperaci\u00f3n da xesti\u00f3n da auga (tan mala e tan cara), unha aposta clara polas nosas renovables -biomasa e vento-, edificios m\u00e1is eficientes, novas ideas para a xesti\u00f3n do lixo, e un programa de reactivaci\u00f3n da econom\u00eda rural que vai ser clave na nosa sustentabilidade futura. Unha vila para a infancia e as familias, unha xesti\u00f3n cultural m\u00e1is participativa&#8230; son moitas as propostas que encontraredes no noso programa, moi traballado pero a\u00ednda aberto a melloras que seguro poderedes proporcionar.<\/p>\n<p>Tam\u00e9n preguntan moitas persoas \u201cquen vai na lista?\u201d; pero \u00e9 que esta lista non a faremos desde ReC: calquera persoa que estea de acordo co noso manifesto poder\u00e1 presentarse a finais de marzo \u00e1s primarias abertas, e nelas poder\u00e1n votar todas as persoas con dereito a voto en Ribadeo.<\/p>\n<p>Para informar deste proxecto, dende a semana pasada estamos a repartir un tr\u00edptico no que expo\u00f1emos de xeito moi resumido os nosos obxectivos. Explicamos tam\u00e9n que a lei obriga a presentar coa nosa candidatura o permiso outorgado -asinado e con fotocopia do DNI- por 500 veci\u00f1os con dereito a voto en d\u00faas semanas, a partir do d\u00eda 1 de Abril. Para conseguir reunilas precisamos xa hoxe da axuda de todos os interesados en que este proxecto com\u00fan saia adiante.<\/p>\n<p>Moitas esperanzas, moito traballo, moito fica a\u00ednda por facer. Fixemos un bo equipo, pero faltas ti. O vindeiro domingo 8 de marzo \u00e1s 12 da ma\u00f1\u00e1 estaremos presentando Ribadeo en Com\u00fan na tenda bar Amodi\u00f1o, na praza de abaixo. Ach\u00e9gate a co\u00f1ecernos e debuxa ti mesmo o teu futuro.<\/p>\n<p><a href=\"https:\/\/blogger.googleusercontent.com\/img\/b\/R29vZ2xl\/AVvXsEjjas-caTrV3GNw4l4_ByCTwEiI_daaiEeOiPSQ7IewDS4NxhzwxTz_oXRs120GuG3gVfVX7txYirLAN4fXHJIbQ_4tzmLivfiTJzSzOrr2IEDJIlQLGSRju-OuXSoc_p_zHeeKww\/s2048\/Amodi%C3%B1o+e+ReC.jpg\" imageanchor=\"1\" style=\"margin-left: 1em; margin-right: 1em;\"><img decoding=\"async\" src=\"https:\/\/blogger.googleusercontent.com\/img\/b\/R29vZ2xl\/AVvXsEjjas-caTrV3GNw4l4_ByCTwEiI_daaiEeOiPSQ7IewDS4NxhzwxTz_oXRs120GuG3gVfVX7txYirLAN4fXHJIbQ_4tzmLivfiTJzSzOrr2IEDJIlQLGSRju-OuXSoc_p_zHeeKww\/s2048\/Amodi%C3%B1o+e+ReC.jpg\" \/><\/a><\/p>\n","protected":false},"excerpt":{"rendered":"<p>Sopran ventos de cambio no panorama pol\u00edtico, e moitas xentes de Ribadeo queren participar deles. \u201cRibadeo en Com\u00fan\u201d \u00e9 unha oportunidade para a implicaci\u00f3n da cidadan\u00eda nos asuntos p\u00fablicos e a mudanza nos xeitos de exercer o goberno local. O noso programa de goberno colaborativo promover\u00e1 usos, dereitos e valores que, sendo apoiados maioritariamente pola [&hellip;]<\/p>\n","protected":false},"author":3,"featured_media":0,"comment_status":"open","ping_status":"closed","sticky":false,"template":"","format":"standard","meta":{"activitypub_content_warning":"","activitypub_content_visibility":"","activitypub_max_image_attachments":3,"activitypub_interaction_policy_quote":"anyone","activitypub_status":"federate","footnotes":""},"categories":[1],"tags":[13,135],"class_list":["post-6632","post","type-post","status-publish","format-standard","hentry","category-sen-categoria","tag-politica","tag-rec"],"_links":{"self":[{"href":"https:\/\/blogs.amarinha.gal\/ribadeando\/wp-json\/wp\/v2\/posts\/6632","targetHints":{"allow":["GET"]}}],"collection":[{"href":"https:\/\/blogs.amarinha.gal\/ribadeando\/wp-json\/wp\/v2\/posts"}],"about":[{"href":"https:\/\/blogs.amarinha.gal\/ribadeando\/wp-json\/wp\/v2\/types\/post"}],"author":[{"embeddable":true,"href":"https:\/\/blogs.amarinha.gal\/ribadeando\/wp-json\/wp\/v2\/users\/3"}],"replies":[{"embeddable":true,"href":"https:\/\/blogs.amarinha.gal\/ribadeando\/wp-json\/wp\/v2\/comments?post=6632"}],"version-history":[{"count":0,"href":"https:\/\/blogs.amarinha.gal\/ribadeando\/wp-json\/wp\/v2\/posts\/6632\/revisions"}],"wp:attachment":[{"href":"https:\/\/blogs.amarinha.gal\/ribadeando\/wp-json\/wp\/v2\/media?parent=6632"}],"wp:term":[{"taxonomy":"category","embeddable":true,"href":"https:\/\/blogs.amarinha.gal\/ribadeando\/wp-json\/wp\/v2\/categories?post=6632"},{"taxonomy":"post_tag","embeddable":true,"href":"https:\/\/blogs.amarinha.gal\/ribadeando\/wp-json\/wp\/v2\/tags?post=6632"}],"curies":[{"name":"wp","href":"https:\/\/api.w.org\/{rel}","templated":true}]}}