{"id":6629,"date":"2015-03-09T08:02:00","date_gmt":"2015-03-09T07:02:00","guid":{"rendered":""},"modified":"2024-11-12T14:03:37","modified_gmt":"2024-11-12T13:03:37","slug":"rec-en-marcha","status":"publish","type":"post","link":"https:\/\/blogs.amarinha.gal\/ribadeando\/2015\/03\/09\/rec-en-marcha\/","title":{"rendered":"ReC en marcha: Ribadeo en Com\u00fan"},"content":{"rendered":"<p>A nova forza pol\u00edtica da cidadan\u00eda de Ribadeo est\u00e1 en marcha. Ribadeo en Com\u00fan, <a href=\"http:\/\/ribadeoencomun.blogspot.com.es\/\">ReC<\/a>, celebrou o d\u00eda oito de marzo para presentarse en sociedade no medio de propostas cidad\u00e1ns e m\u00fasica.<\/p>\n<p><a href=\"https:\/\/blogger.googleusercontent.com\/img\/b\/R29vZ2xl\/AVvXsEhXHlDjeW76Y0EDOjfSrVHfXclW622spLRIJAJFVI68STsNvt8mrDucV-0JVXVttZoEwCYdGJXuw0IhVWDxbPeZtNkZcJrmJFdSJdaPWV0LzxOUGBwIYFej-iTxpODwaV8YHkoF2w\/s2048\/Amodi%C3%B1o+e+ReC.jpg\" imageanchor=\"1\" style=\"margin-left: 1em; margin-right: 1em;\"><img loading=\"lazy\" decoding=\"async\" src=\"https:\/\/blogger.googleusercontent.com\/img\/b\/R29vZ2xl\/AVvXsEhXHlDjeW76Y0EDOjfSrVHfXclW622spLRIJAJFVI68STsNvt8mrDucV-0JVXVttZoEwCYdGJXuw0IhVWDxbPeZtNkZcJrmJFdSJdaPWV0LzxOUGBwIYFej-iTxpODwaV8YHkoF2w\/s2048\/Amodi%C3%B1o+e+ReC.jpg\" height=\"640\" width=\"452\" \/><\/a><\/p>\n<p>O cartel xa indicaba algo da principal proposta cidad\u00e1 feita: unha vila dos nenos, que os incl\u00faa como cidad\u00e1ns. Con referencia non s\u00f3 a escoitar \u00f3s menores, como parece indicar o recadro da vi\u00f1eta de <a href=\"http:\/\/www.utopiayeducacion.com\/2007\/05\/las-reflexiones-de-frato-por-francesco.html\">Frato<\/a>, sen\u00f3n a tratalos como <a href=\"http:\/\/www.lacittadeibambini.org\/spagnolo\/home.htm\">part\u00edcipes nun proxecto de sociedade<\/a>.<\/p>\n<p><a href=\"https:\/\/blogger.googleusercontent.com\/img\/b\/R29vZ2xl\/AVvXsEi-zheaz5ywj3NfEUYpSMaaKjGxpTE499tZJph-IR576pCFNXueDfXyaJt4yqG8b3qKjN_6AjmYqYibZg4QwkaOtsDUHUTLeGSrgzg4R6-sId-3zI-sNCsKBirHPQ-Y1LnbtAFDPg\/s2048\/ReC+Amodi%C3%B1o_20150308_123456.jpg\" imageanchor=\"1\" style=\"margin-left: 1em; margin-right: 1em;\"><img loading=\"lazy\" decoding=\"async\" src=\"https:\/\/blogger.googleusercontent.com\/img\/b\/R29vZ2xl\/AVvXsEi-zheaz5ywj3NfEUYpSMaaKjGxpTE499tZJph-IR576pCFNXueDfXyaJt4yqG8b3qKjN_6AjmYqYibZg4QwkaOtsDUHUTLeGSrgzg4R6-sId-3zI-sNCsKBirHPQ-Y1LnbtAFDPg\/s2048\/ReC+Amodi%C3%B1o_20150308_123456.jpg\" height=\"480\" width=\"640\" \/><\/a><\/p>\n<p>Nas fotos, dous momentos da distendida presentaci\u00f3n e asunci\u00f3n de propostas cidad\u00e1ns, acto \u00f3 que acudiron preto de corenta persoas.<\/p>\n<p><a href=\"https:\/\/blogger.googleusercontent.com\/img\/b\/R29vZ2xl\/AVvXsEg2URmIrbDC_iaTDN9TQ4Xfe8F0WOgL2cppr3W16qPqR5B6zK4Yy9s7BkeNxR0vZ79nZOq8trs7BQE0hYDpaDPD6Xv1JgWa4tos97P6U4o-h2951mPpxcFVnwK8GDPlLD12QhJ02g\/s2048\/ReC+Amodi%C3%B1o_20150308_124120.jpg\" imageanchor=\"1\" style=\"margin-left: 1em; margin-right: 1em;\"><img loading=\"lazy\" decoding=\"async\" src=\"https:\/\/blogger.googleusercontent.com\/img\/b\/R29vZ2xl\/AVvXsEg2URmIrbDC_iaTDN9TQ4Xfe8F0WOgL2cppr3W16qPqR5B6zK4Yy9s7BkeNxR0vZ79nZOq8trs7BQE0hYDpaDPD6Xv1JgWa4tos97P6U4o-h2951mPpxcFVnwK8GDPlLD12QhJ02g\/s2048\/ReC+Amodi%C3%B1o_20150308_124120.jpg\" height=\"480\" width=\"640\" \/><\/a><\/p>\n<p>O tr\u00edptico, ampliable premendo co rato, presenta unha s\u00edntese do que se pretende como proxecto en Ribadeo en Com\u00fan:<\/p>\n<p><a href=\"https:\/\/blogger.googleusercontent.com\/img\/b\/R29vZ2xl\/AVvXsEhTSCbjKGItjt3K1tnnaefIuTGHjupS8GecNbyhkKSGKbq9BA4ZF1XRM7XXt8OJmZlUiHqQ1fu_5I0YnnTQEuvu9-vps6W86aP0ys7O7TJKcvZ5nSq1VaGm7xT1Z_94rTJwXf1-7g\/s2048\/Tr%C3%ADptico_GALEGO.jpg\" imageanchor=\"1\" style=\"margin-left: 1em; margin-right: 1em;\"><img loading=\"lazy\" decoding=\"async\" src=\"https:\/\/blogger.googleusercontent.com\/img\/b\/R29vZ2xl\/AVvXsEhTSCbjKGItjt3K1tnnaefIuTGHjupS8GecNbyhkKSGKbq9BA4ZF1XRM7XXt8OJmZlUiHqQ1fu_5I0YnnTQEuvu9-vps6W86aP0ys7O7TJKcvZ5nSq1VaGm7xT1Z_94rTJwXf1-7g\/s2048\/Tr%C3%ADptico_GALEGO.jpg\" height=\"640\" width=\"452\" \/><\/a><\/p>\n<p>A xornada estivo marcada adem\u00e1is, por outra caracter\u00edstica nun d\u00eda como o oito de marzo: a igualdade de x\u00e9nero. Non s\u00f3 en canto a n\u00famero sen\u00f3n tam\u00e9n en canto a intervenci\u00f3ns.<\/p>\n<p>Xa tivemos algunha nova solta de ReC no pasado. Agora comezaranse a agolpar, pois a formaci\u00f3n ten previsto diversas acci\u00f3ns de difusi\u00f3n, confecci\u00f3n de listas abertas, construci\u00f3n continuada do programa (que xa hai, pero que seguir\u00e1 co cartel &#8216;en construci\u00f3n&#8217; de xeito permanente)&#8230;<\/p>\n<p>A pr\u00f3xima asemblea da que se pretendo como agrupaci\u00f3n de electores, aberta como todas, ter\u00e1 lugar o martes 17 no Cant\u00f3n.<\/p>\n","protected":false},"excerpt":{"rendered":"<p>A nova forza pol\u00edtica da cidadan\u00eda de Ribadeo est\u00e1 en marcha. Ribadeo en Com\u00fan, ReC, celebrou o d\u00eda oito de marzo para presentarse en sociedade no medio de propostas cidad\u00e1ns e m\u00fasica. O cartel xa indicaba algo da principal proposta cidad\u00e1 feita: unha vila dos nenos, que os incl\u00faa como cidad\u00e1ns. Con referencia non s\u00f3 [&hellip;]<\/p>\n","protected":false},"author":3,"featured_media":0,"comment_status":"open","ping_status":"closed","sticky":false,"template":"","format":"standard","meta":{"activitypub_content_warning":"","activitypub_content_visibility":"","activitypub_max_image_attachments":3,"activitypub_interaction_policy_quote":"anyone","activitypub_status":"federated","footnotes":""},"categories":[1],"tags":[13,135],"class_list":["post-6629","post","type-post","status-publish","format-standard","hentry","category-sen-categoria","tag-politica","tag-rec"],"_links":{"self":[{"href":"https:\/\/blogs.amarinha.gal\/ribadeando\/wp-json\/wp\/v2\/posts\/6629","targetHints":{"allow":["GET"]}}],"collection":[{"href":"https:\/\/blogs.amarinha.gal\/ribadeando\/wp-json\/wp\/v2\/posts"}],"about":[{"href":"https:\/\/blogs.amarinha.gal\/ribadeando\/wp-json\/wp\/v2\/types\/post"}],"author":[{"embeddable":true,"href":"https:\/\/blogs.amarinha.gal\/ribadeando\/wp-json\/wp\/v2\/users\/3"}],"replies":[{"embeddable":true,"href":"https:\/\/blogs.amarinha.gal\/ribadeando\/wp-json\/wp\/v2\/comments?post=6629"}],"version-history":[{"count":0,"href":"https:\/\/blogs.amarinha.gal\/ribadeando\/wp-json\/wp\/v2\/posts\/6629\/revisions"}],"wp:attachment":[{"href":"https:\/\/blogs.amarinha.gal\/ribadeando\/wp-json\/wp\/v2\/media?parent=6629"}],"wp:term":[{"taxonomy":"category","embeddable":true,"href":"https:\/\/blogs.amarinha.gal\/ribadeando\/wp-json\/wp\/v2\/categories?post=6629"},{"taxonomy":"post_tag","embeddable":true,"href":"https:\/\/blogs.amarinha.gal\/ribadeando\/wp-json\/wp\/v2\/tags?post=6629"}],"curies":[{"name":"wp","href":"https:\/\/api.w.org\/{rel}","templated":true}]}}