{"id":6620,"date":"2015-03-19T08:14:00","date_gmt":"2015-03-19T07:14:00","guid":{"rendered":""},"modified":"2024-11-12T14:03:14","modified_gmt":"2024-11-12T13:03:14","slug":"queres-participar-en-politica","status":"publish","type":"post","link":"https:\/\/blogs.amarinha.gal\/ribadeando\/2015\/03\/19\/queres-participar-en-politica\/","title":{"rendered":"Queres participar en pol\u00edtica?"},"content":{"rendered":"<p>Cando se fala de participar en pol\u00edtica, coas ideas maioritarias actuais, ou ben estase a referir a votar ou ben a vivir da pol\u00edtica. Mais participar en pol\u00edtica \u00e9 algo consubstancial \u00e1 xente, a n\u00f3s: tr\u00e1tase de xestionar a nosa relaci\u00f3n dentro da sociedade en conxunto.<\/p>\n<p><a href=\"https:\/\/blogger.googleusercontent.com\/img\/b\/R29vZ2xl\/AVvXsEhSpX7mauR5lpu6HR_VHlM1vyc8XwNBSD19013_bM_eTi_C0zg__0LNTY-alWpiLuVjYnpOhM9jlCRqnFz643WnOp2MI5AnPX_1WLjZjz_EYHZLPPB5Ls5X4r_nwHBKNcIvnme3Yg\/s2048\/Ribadeo.jpg\" imageanchor=\"1\" style=\"clear: right; float: right; margin-bottom: 1em; margin-left: 1em;\"><img loading=\"lazy\" decoding=\"async\" height=\"248\" src=\"https:\/\/blogger.googleusercontent.com\/img\/b\/R29vZ2xl\/AVvXsEhSpX7mauR5lpu6HR_VHlM1vyc8XwNBSD19013_bM_eTi_C0zg__0LNTY-alWpiLuVjYnpOhM9jlCRqnFz643WnOp2MI5AnPX_1WLjZjz_EYHZLPPB5Ls5X4r_nwHBKNcIvnme3Yg\/s2048\/Ribadeo.jpg\" width=\"320\" \/><\/a><\/p>\n<p>En Ribadeo estase constru\u00edndo unha participaci\u00f3n de novo, sen reducirse a votar nin facer da pol\u00edtica unha especie de posto de traballo. \u00c9 certo que non todos (nin moito menos) os cargos pol\u00edticos en activo son &#8216;pol\u00edticos de carreira&#8217;, pero si coinciden en xeral as ideas que manexan coa filosof\u00eda da &#8216;pol\u00edtica de carreira&#8217;. E diso se trata, de cambiar as ideas para que a participaci\u00f3n nas decisi\u00f3ns sexa a todos os niveis, para que as persoas exerzamos como donas de n\u00f3s, xestionando o entramado de relaci\u00f3ns que nos conectan \u00f3 resto da comunidade.<\/p>\n<p>\u00d3 que \u00eda. Antonte, en asemblea, Ribadeo en Com\u00fan, que pretende constitu\u00edrse en agrupaci\u00f3n de electores para as pr\u00f3ximas municipais, aprobou o regulamento de primarias abertas. Aqu\u00ed a <a href=\"http:\/\/ribadeoencomun.blogspot.com.es\/2015\/03\/ribadeo-en-comun.html\">entrada no blog de Ribadeo en Com\u00fan<\/a>:<\/p>\n<p><a href=\"https:\/\/blogger.googleusercontent.com\/img\/b\/R29vZ2xl\/AVvXsEiiciMyKV1XW195DzJ1x-P9ZtXQYcPMSfCD4zys7NATk5etAsqNL6BLlagBkN0v1-kmvJpHWgpwSE1ZEXYZccujZ7xtneyS3ePdAiJRLkFj3Ex1qoCOxdE233bjaaAMXh9oqXdiDQ\/s2048\/logo+ReC.jpg\" imageanchor=\"1\" style=\"clear: left; float: left; margin-bottom: 1em; margin-right: 1em;\"><img loading=\"lazy\" decoding=\"async\" height=\"232\" src=\"https:\/\/blogger.googleusercontent.com\/img\/b\/R29vZ2xl\/AVvXsEiiciMyKV1XW195DzJ1x-P9ZtXQYcPMSfCD4zys7NATk5etAsqNL6BLlagBkN0v1-kmvJpHWgpwSE1ZEXYZccujZ7xtneyS3ePdAiJRLkFj3Ex1qoCOxdE233bjaaAMXh9oqXdiDQ\/s2048\/logo+ReC.jpg\" width=\"320\" \/><\/a><\/p>\n<p>&#8220;<em><span style=\"color: blue;\">RIBADEO EN COMUN. PRIMARIAS ABERTAS.<\/span><\/p>\n<p>Ribadeo en Com\u00fan (ReC) aprobou o pasado m\u00e9rcores 18 de marzo o seu<br \/>\nregulamento para a realizaci\u00f3n de elecci\u00f3ns de primarias abertas. Deste<br \/>\nproceso sair\u00e1 a lista definitiva das candidaturas coas que a plataforma<br \/>\nveci\u00f1al concorrer\u00e1 \u00e1s elecci\u00f3ns municipais de Ribadeo do vindeiro 24 de<br \/>\nmaio. Dito regulamento est\u00e1 a dispor de t\u00f3dolos veci\u00f1os en Clip Graf (r\/<br \/>\n San Francisco 8, Ribadeo) e tam\u00e9n a trav\u00e9s do Twitter, Facebook e<br \/>\nribadeoencomun.blogspot.com, p\u00f3dese obter tam\u00e9n m\u00e1is informaci\u00f3n en<br \/>\nribadeoencomun@gmail.com e chamando \u00f3 tel\u00e9fono. 620 93 75 23.<\/p>\n<p>Con este novo fito, ReC quere volver facer part\u00edcipe \u00e1 veci\u00f1anza do seu<br \/>\nacceso \u00f3 goberno municipal. As elecci\u00f3ns primarias son un espacio aberto<br \/>\n onde todo o mundo escoita, debate e decide. Hai que lembrar que Ribadeo<br \/>\n en Com\u00fan constituirase en Agrupaci\u00f3n de Electores gracias \u00e1 firma de<br \/>\n500 persoas inscritas no censo electoral de Ribadeo; pensan que ser\u00eda un<br \/>\n sen sentido presentar unha lista feita \u00e1s costas da veci\u00f1anza e tam\u00e9n<br \/>\ndaqueles que dar\u00e1n a s\u00faa sinatura para que haxa unha candidatura aberta \u00e1<br \/>\n participaci\u00f3n no concello.<\/p>\n<p>Neste proceso poder\u00e1n votar t\u00f3dalas persoas que as\u00ed o desexen maiores de<br \/>\n 18 anos, censadas en Ribadeo e que te\u00f1an asinado o manifesto<br \/>\nfundacional de Rec.<\/p>\n<p>No tocante \u00e1s candidaturas, ser\u00e1n elixibles segundo a lexislaci\u00f3n<br \/>\nelectoral vixente, pero han de comprometerse por escrito a cumpri-lo<br \/>\ncompromiso \u00e9tico e segui-lo mandato da asemblea no desenvolvemento<br \/>\nfuturo das s\u00faas funci\u00f3ns. O xeito de presentarse \u00e9 individual xa que non<br \/>\n est\u00e1n permitidas as candidaturas conxuntas.<\/p>\n<p>O proceso da comezo 19 de marzo e rematar\u00e1 coa publicaci\u00f3n dos resultados o 14 de abril.<br \/>\n<\/em>&#8221;<\/p>\n<p>E, para complementar, a ligaz\u00f3n \u00f3 <a href=\"http:\/\/ribadeoencomun.blogspot.com.es\/2015\/03\/regulamento-das-eleccions-primarias.html\">regulamento en borrador para as primarias de ReC<\/a>, que ser\u00e1 definitivo tras revisi\u00f3n.<\/p>\n","protected":false},"excerpt":{"rendered":"<p>Cando se fala de participar en pol\u00edtica, coas ideas maioritarias actuais, ou ben estase a referir a votar ou ben a vivir da pol\u00edtica. Mais participar en pol\u00edtica \u00e9 algo consubstancial \u00e1 xente, a n\u00f3s: tr\u00e1tase de xestionar a nosa relaci\u00f3n dentro da sociedade en conxunto. En Ribadeo estase constru\u00edndo unha participaci\u00f3n de novo, sen [&hellip;]<\/p>\n","protected":false},"author":3,"featured_media":0,"comment_status":"open","ping_status":"closed","sticky":false,"template":"","format":"standard","meta":{"activitypub_content_warning":"","activitypub_content_visibility":"","activitypub_max_image_attachments":3,"activitypub_interaction_policy_quote":"anyone","activitypub_status":"federated","footnotes":""},"categories":[1],"tags":[78,13],"class_list":["post-6620","post","type-post","status-publish","format-standard","hentry","category-sen-categoria","tag-participacion","tag-politica"],"_links":{"self":[{"href":"https:\/\/blogs.amarinha.gal\/ribadeando\/wp-json\/wp\/v2\/posts\/6620","targetHints":{"allow":["GET"]}}],"collection":[{"href":"https:\/\/blogs.amarinha.gal\/ribadeando\/wp-json\/wp\/v2\/posts"}],"about":[{"href":"https:\/\/blogs.amarinha.gal\/ribadeando\/wp-json\/wp\/v2\/types\/post"}],"author":[{"embeddable":true,"href":"https:\/\/blogs.amarinha.gal\/ribadeando\/wp-json\/wp\/v2\/users\/3"}],"replies":[{"embeddable":true,"href":"https:\/\/blogs.amarinha.gal\/ribadeando\/wp-json\/wp\/v2\/comments?post=6620"}],"version-history":[{"count":0,"href":"https:\/\/blogs.amarinha.gal\/ribadeando\/wp-json\/wp\/v2\/posts\/6620\/revisions"}],"wp:attachment":[{"href":"https:\/\/blogs.amarinha.gal\/ribadeando\/wp-json\/wp\/v2\/media?parent=6620"}],"wp:term":[{"taxonomy":"category","embeddable":true,"href":"https:\/\/blogs.amarinha.gal\/ribadeando\/wp-json\/wp\/v2\/categories?post=6620"},{"taxonomy":"post_tag","embeddable":true,"href":"https:\/\/blogs.amarinha.gal\/ribadeando\/wp-json\/wp\/v2\/tags?post=6620"}],"curies":[{"name":"wp","href":"https:\/\/api.w.org\/{rel}","templated":true}]}}