{"id":6616,"date":"2015-03-22T13:04:00","date_gmt":"2015-03-22T12:04:00","guid":{"rendered":""},"modified":"2024-11-12T14:03:08","modified_gmt":"2024-11-12T13:03:08","slug":"candidatura-completa-do-bng","status":"publish","type":"post","link":"https:\/\/blogs.amarinha.gal\/ribadeando\/2015\/03\/22\/candidatura-completa-do-bng\/","title":{"rendered":"Candidatura completa do BNG para Ribadeo, ordeada e con alg\u00fan comentario"},"content":{"rendered":"<p>Onte, s\u00e1bado, foi presentada a lista de candidatos nas municipais 2015 por Ribadeo polo BNG, grupo que ten a maior\u00eda absoluta no actual consistorio:<\/p>\n<p>1.Fernando Su\u00e1rez Barcia, actual alcalde<\/p>\n<p>2.Mari Luz \u00c1lvarez Lastra<\/p>\n<p>3.Vicente Castro Reigosa<\/p>\n<p>4.Ana Mar\u00eda Mart\u00ednez Fern\u00e1ndez (ata aqu\u00ed, todos <a href=\"http:\/\/ribadeando.blogspot.com.es\/2011\/05\/flecos-electorais-e-lista-de.html\">concelleiros actuais<\/a>)<\/p>\n<p>5.Xos\u00e9 Farruco Gra\u00f1a<\/p>\n<p>6.Sonia Meil\u00e1n Vizoso<\/p>\n<p>7.David Ribas Pe\u00f1a<\/p>\n<p>8.Paz Ermida Igrexas<\/p>\n<p>&#8211; De aqu\u00ed en diante, se sa\u00edra elixido o seguinte, o BNG ter\u00eda maior\u00eda absoluta<\/p>\n<p>9.Jorge D\u00edaz Freije<\/p>\n<p>10.Vanesa Yanes Rivas<\/p>\n<p>11.Horacio Cupeiro Rodr\u00edguez (5\u00ba nas pasadas)<\/p>\n<p>12.Mar\u00eda Teresa Gonz\u00e1lez Pi\u00f1eiroa (6\u00aa no 2011)<\/p>\n<p>13.Pablo Vizoso Galdo<\/p>\n<p>14.Paz Ramil Maseda<\/p>\n<p>15.Jos\u00e9 Rocha Fern\u00e1ndez<\/p>\n<p>16.Teresa D\u00edaz Est\u00e9vez<\/p>\n<p>17.Mart\u00edn Gra\u00f1a P\u00e9rez<\/p>\n<p>Suplentes:<\/p>\n<p>1.Andrea Mart\u00edns Fern\u00e1ndez<\/p>\n<p>2.Marcos Fern\u00e1ndez Fern\u00e1ndez<\/p>\n<p>3.Roc\u00edo D\u00edaz Mesa<\/p>\n<p>4.Pedro Fern\u00e1ndez Villamil<\/p>\n<p>5.Mar\u00eda Dolores Garc\u00eda Docobo<\/p>\n<p>6.Jos\u00e9 Luis Baamonde Reigosa<\/p>\n<p>7.Alicia Sarmiento Gonz\u00e1lez<\/p>\n<p>8.Jos\u00e9 Antonio Ramil Acebo<\/p>\n<p>Non est\u00e1 na lista Xavier Campos, actual concelleiro polo BNG.<\/p>\n<p>Lista cremallera, foi presentada como de unidade nacional arredor do BNG.<\/p>\n<p>L\u00e9mbrase que a maior\u00eda absoluta (que pretenden renovar) estar\u00e1 en 9 concelleiros.<\/p>\n<p>pode compararse esta candidatura coa do <a href=\"https:\/\/municipaisribadeo11.wordpress.com\/candidaturas\/\">2011<\/a>. <\/p>\n<p><a href=\"http:\/\/ribadeando.blogspot.com.es\/2015\/04\/candidatura-completa-do-pp-para-ribadeo.html\">Candidatura completa do PP para Ribadeo, ordeada e con alg\u00fan comentario <\/a><\/p>\n<p><a href=\"http:\/\/ribadeando.blogspot.com.es\/search\/label\/elecci%C3%B3ns%20municipais%202015\">Elecci\u00f3ns Municipais 2015<\/a><\/p>\n<p><a href=\"http:\/\/ribadeando.blogspot.com.es\/search\/label\/elecci%C3%B3ns%202011\">Sobre as pasadas elecci\u00f3ns municipais de Ribadeo 2011<\/a> <\/p>\n<p><a href=\"http:\/\/ribadeando.blogspot.com.es\/search\/label\/elecci%C3%B3ns%202011\">E m\u00e1is sobre elecci\u00f3ns<\/a><\/p>\n","protected":false},"excerpt":{"rendered":"<p>Onte, s\u00e1bado, foi presentada a lista de candidatos nas municipais 2015 por Ribadeo polo BNG, grupo que ten a maior\u00eda absoluta no actual consistorio: 1.Fernando Su\u00e1rez Barcia, actual alcalde 2.Mari Luz \u00c1lvarez Lastra 3.Vicente Castro Reigosa 4.Ana Mar\u00eda Mart\u00ednez Fern\u00e1ndez (ata aqu\u00ed, todos concelleiros actuais) 5.Xos\u00e9 Farruco Gra\u00f1a 6.Sonia Meil\u00e1n Vizoso 7.David Ribas Pe\u00f1a 8.Paz [&hellip;]<\/p>\n","protected":false},"author":3,"featured_media":0,"comment_status":"open","ping_status":"closed","sticky":false,"template":"","format":"standard","meta":{"activitypub_content_warning":"","activitypub_content_visibility":"","activitypub_max_image_attachments":3,"activitypub_interaction_policy_quote":"anyone","activitypub_status":"federated","footnotes":""},"categories":[1],"tags":[48,132],"class_list":["post-6616","post","type-post","status-publish","format-standard","hentry","category-sen-categoria","tag-eleccions","tag-eleccions-municipais-2015"],"_links":{"self":[{"href":"https:\/\/blogs.amarinha.gal\/ribadeando\/wp-json\/wp\/v2\/posts\/6616","targetHints":{"allow":["GET"]}}],"collection":[{"href":"https:\/\/blogs.amarinha.gal\/ribadeando\/wp-json\/wp\/v2\/posts"}],"about":[{"href":"https:\/\/blogs.amarinha.gal\/ribadeando\/wp-json\/wp\/v2\/types\/post"}],"author":[{"embeddable":true,"href":"https:\/\/blogs.amarinha.gal\/ribadeando\/wp-json\/wp\/v2\/users\/3"}],"replies":[{"embeddable":true,"href":"https:\/\/blogs.amarinha.gal\/ribadeando\/wp-json\/wp\/v2\/comments?post=6616"}],"version-history":[{"count":0,"href":"https:\/\/blogs.amarinha.gal\/ribadeando\/wp-json\/wp\/v2\/posts\/6616\/revisions"}],"wp:attachment":[{"href":"https:\/\/blogs.amarinha.gal\/ribadeando\/wp-json\/wp\/v2\/media?parent=6616"}],"wp:term":[{"taxonomy":"category","embeddable":true,"href":"https:\/\/blogs.amarinha.gal\/ribadeando\/wp-json\/wp\/v2\/categories?post=6616"},{"taxonomy":"post_tag","embeddable":true,"href":"https:\/\/blogs.amarinha.gal\/ribadeando\/wp-json\/wp\/v2\/tags?post=6616"}],"curies":[{"name":"wp","href":"https:\/\/api.w.org\/{rel}","templated":true}]}}