{"id":6613,"date":"2015-03-24T17:02:00","date_gmt":"2015-03-24T16:02:00","guid":{"rendered":""},"modified":"2024-11-12T14:03:04","modified_gmt":"2024-11-12T13:03:04","slug":"hoxe-pleno-no-concello-de-ribadeo","status":"publish","type":"post","link":"https:\/\/blogs.amarinha.gal\/ribadeando\/2015\/03\/24\/hoxe-pleno-no-concello-de-ribadeo\/","title":{"rendered":"Hoxe, pleno no Concello de Ribadeo"},"content":{"rendered":"<p>Remato de ver por casualidade a convocatoria do pleno ordinario de hoxe no concello. Imos avanzando: a info do documento di que foi modificado o Lun 23 Mar 2015 18:49:56 CET (\u00e9 dicir, que foi colgado como pronto un pouco antes das sete da tarde de onte, hora de centro Europa, que \u00e9 a que temos n\u00f3s como oficial dende as amizades alem\u00e1s de hai tres cuartos de s\u00e9culo). A ver se nos imos animando a asistir \u00f3s plenos e participar nas cousas que nos incumben a todos.<\/p>\n<p><a href=\"https:\/\/blogger.googleusercontent.com\/img\/b\/R29vZ2xl\/AVvXsEjhMu6baGRkcJ6KjGiL7HOUUEQ7gWkdazFw9ean9Q08YAWOoHTPB7Ul3Rpe9dhI14IPNK0edAfChQPD2as-3qna83gxVltmAg9AkvVujwf1JBPm-w19XzicBcPpIGACw7NqUpx2Iw\/s2048\/1427132996Resolucion_convocatoria.jpg\" imageanchor=\"1\" style=\"margin-left: 1em; margin-right: 1em;\"><img loading=\"lazy\" decoding=\"async\" src=\"https:\/\/blogger.googleusercontent.com\/img\/b\/R29vZ2xl\/AVvXsEjhMu6baGRkcJ6KjGiL7HOUUEQ7gWkdazFw9ean9Q08YAWOoHTPB7Ul3Rpe9dhI14IPNK0edAfChQPD2as-3qna83gxVltmAg9AkvVujwf1JBPm-w19XzicBcPpIGACw7NqUpx2Iw\/s2048\/1427132996Resolucion_convocatoria.jpg\" height=\"640\" width=\"452\" \/><\/a><\/p>\n","protected":false},"excerpt":{"rendered":"<p>Remato de ver por casualidade a convocatoria do pleno ordinario de hoxe no concello. Imos avanzando: a info do documento di que foi modificado o Lun 23 Mar 2015 18:49:56 CET (\u00e9 dicir, que foi colgado como pronto un pouco antes das sete da tarde de onte, hora de centro Europa, que \u00e9 a que [&hellip;]<\/p>\n","protected":false},"author":3,"featured_media":0,"comment_status":"open","ping_status":"closed","sticky":false,"template":"","format":"standard","meta":{"activitypub_content_warning":"","activitypub_content_visibility":"","activitypub_max_image_attachments":3,"activitypub_interaction_policy_quote":"anyone","activitypub_status":"federated","footnotes":""},"categories":[1],"tags":[42],"class_list":["post-6613","post","type-post","status-publish","format-standard","hentry","category-sen-categoria","tag-plenos"],"_links":{"self":[{"href":"https:\/\/blogs.amarinha.gal\/ribadeando\/wp-json\/wp\/v2\/posts\/6613","targetHints":{"allow":["GET"]}}],"collection":[{"href":"https:\/\/blogs.amarinha.gal\/ribadeando\/wp-json\/wp\/v2\/posts"}],"about":[{"href":"https:\/\/blogs.amarinha.gal\/ribadeando\/wp-json\/wp\/v2\/types\/post"}],"author":[{"embeddable":true,"href":"https:\/\/blogs.amarinha.gal\/ribadeando\/wp-json\/wp\/v2\/users\/3"}],"replies":[{"embeddable":true,"href":"https:\/\/blogs.amarinha.gal\/ribadeando\/wp-json\/wp\/v2\/comments?post=6613"}],"version-history":[{"count":0,"href":"https:\/\/blogs.amarinha.gal\/ribadeando\/wp-json\/wp\/v2\/posts\/6613\/revisions"}],"wp:attachment":[{"href":"https:\/\/blogs.amarinha.gal\/ribadeando\/wp-json\/wp\/v2\/media?parent=6613"}],"wp:term":[{"taxonomy":"category","embeddable":true,"href":"https:\/\/blogs.amarinha.gal\/ribadeando\/wp-json\/wp\/v2\/categories?post=6613"},{"taxonomy":"post_tag","embeddable":true,"href":"https:\/\/blogs.amarinha.gal\/ribadeando\/wp-json\/wp\/v2\/tags?post=6613"}],"curies":[{"name":"wp","href":"https:\/\/api.w.org\/{rel}","templated":true}]}}