{"id":6612,"date":"2015-03-25T08:18:00","date_gmt":"2015-03-25T07:18:00","guid":{"rendered":""},"modified":"2024-11-12T14:03:02","modified_gmt":"2024-11-12T13:03:02","slug":"maduro-escoitando-foto-acheganse-as","status":"publish","type":"post","link":"https:\/\/blogs.amarinha.gal\/ribadeando\/2015\/03\/25\/maduro-escoitando-foto-acheganse-as\/","title":{"rendered":"Maduro, escoitando, foto&#8230; ach\u00e9ganse as municipais"},"content":{"rendered":"<p>Son cambios imperceptibles, pero haber, hainos. dende que pouco a pouco as campa\u00f1as electorais deixaron de estar reducidas \u00e1s datas previas \u00f3s comicios para ir pouco a pouco estend\u00e9ndose a todo o per\u00edodo interelectoral, cada vez se distinguen menos as fases, pero segue a habelas. E estamos xa nunha das fases finais.<\/p>\n<p>En Ribadeo, o s\u00e1bado presentouse a candidatura do BNG, e durante os d\u00edas anteriores foran divulgados outros movementos, como o candidato \u00e1 alcald\u00eda do PSOE, ou, no PP, desenvolvendo a madexa pouco a pouco, o segundo posto da lista e o terceiro mentres nunha implosi\u00f3n\/explosi\u00f3n UPRi pasaba a ser reconvertido como Cidad\u00e1ns en Ribadeo, e a plataforma veci\u00f1al Ribadeo en Com\u00fan mergull\u00e1base na cidadan\u00eda para prepararse para ter avais para ser unha agrupaci\u00f3n de electores, pero tam\u00e9n candidatos.<\/p>\n<p>A candidatura cidad\u00e1 de ReC p\u00eddeo todo a cidadan\u00eda: ideas, apoio, programa, candidatos&#8230; pretendendo ser sinxelamente participaci\u00f3n cidad\u00e1. A m\u00e1is de novas sobre a <a href=\"http:\/\/www.cronica3.com\/2015\/03\/presentacions-de-ribadeo-en-comun-nas-parroquias\">presentaci\u00f3n que se vai desenvolvendo en diversos lugares<\/a>, o seu blog vai ench\u00e9ndose co <a href=\"http:\/\/ribadeoencomun.blogspot.com.es\/2014\/10\/manifesto.html\">manifesto<\/a>, faro da s\u00faa andaina, a s\u00faa <a href=\"http:\/\/ribadeoencomun.blogspot.com.es\/2014\/11\/metodoloxia-para-eleccion-dos-cargos-de.html\">organizaci\u00f3n interna<\/a>, ou coas <a href=\"http:\/\/ribadeoencomun.blogspot.com.es\/2015\/03\/regulamento-das-eleccions-primarias.html\">normas das primarias que xa est\u00e1n en marcha para que quenqueira se sume<\/a>. Queda moito cami\u00f1o e pouco tempo.<\/p>\n<p>Cidad\u00e1ns, despois do trasvase de siglas, est\u00e1 desaparecido, case nun desvaecemento semellante \u00f3 que est\u00e1 a sufrir a idea da propia cidadan\u00eda nos seus dereitos.<\/p>\n<p>O PSOE parece ter outra estratexia: onte mesmo remata de lanzar unha campa\u00f1a, &#8216;<a href=\"http:\/\/www.cronica3.com\/2015\/03\/roberto-ramos-pon-en-marcha-a-campana-queremos-escoitarte-para-recoller-as-suxerencias-dos-vecinos-de-ribadeo\/\">queremos escoitarte<\/a>&#8216; que da unha visi\u00f3n como de esperar sentado a que ve\u00f1an as ofertas de compra en horario de oficina. Tam\u00e9n hai algunha proposta nos medios coa foto correspondente.<\/p>\n<p>O PP, na s\u00faa longa andaina de desbarate contra o partido de goberno, vai deixando caer de xeito oficial ou extraoficial m\u00e1is ataques, disparando contra todo o que se mova. A d\u00eda de hoxe iso \u00e9 a novidade, o seguir na mesma li\u00f1a.<\/p>\n<p>E o BNG, unha volta <a href=\"http:\/\/ribadeando.blogspot.com.es\/2015\/03\/candidatura-completa-do-bng.html\">presentada a candidatura ao completo cunha renovaci\u00f3n parcial<\/a>, coa fortaleza que da unha \u00f3ptima posici\u00f3n de sa\u00edda, xa ten na r\u00faa o seu &#8216;Parladoiro&#8217;, publicaci\u00f3n b\u00e1sicamente de ensalzamento preelectoral, que certamente \u00e9 vistosa e est\u00e1 chea de actividade relacionada con estes anos de mandato. O seu equipo vai ademais pillando espazo nos medios a toda cor guiado polas <a href=\"http:\/\/ribadeo.gal\/actualidade\/novas.php?lg=gal\">novas de ribadeo.org<\/a>: non lin os xornais hoxe, pero aposto a que hai unha foto de algu\u00e9n do equipo de goberno.<\/p>\n<p>Do t\u00edtulo, queda por aclarar o comezo: Maduro. Foi o &#8216;paxari\u00f1o&#8217; que me impulsou a escribir dun xeito deslabazado sobre as pr\u00f3ximas municipais. Para entendelo, hai que ler (sen gran aquel, pero cun sorriso) &#8216;<a href=\"http:\/\/www.cronica3.com\/2015\/03\/el-pajarito-de-nicolas-maduro-me-hablo-ayer\/\">El pajarito de Nicol\u00e1s Maduro me habl\u00f3 ayer<\/a>&#8216;&#8230;<\/p>\n<p>Mentres, preg\u00fantome que pasar\u00eda no <a href=\"http:\/\/ribadeando.blogspot.com.es\/2015\/03\/hoxe-pleno-no-concello-de-ribadeo.html\">pleno de onte<\/a>. Fuches? Enter\u00e1cheste? Participaches? A ver se \u00f3 longo do d\u00eda&#8230;<\/p>\n","protected":false},"excerpt":{"rendered":"<p>Son cambios imperceptibles, pero haber, hainos. dende que pouco a pouco as campa\u00f1as electorais deixaron de estar reducidas \u00e1s datas previas \u00f3s comicios para ir pouco a pouco estend\u00e9ndose a todo o per\u00edodo interelectoral, cada vez se distinguen menos as fases, pero segue a habelas. E estamos xa nunha das fases finais. En Ribadeo, o [&hellip;]<\/p>\n","protected":false},"author":3,"featured_media":0,"comment_status":"open","ping_status":"closed","sticky":false,"template":"","format":"standard","meta":{"activitypub_content_warning":"","activitypub_content_visibility":"","activitypub_max_image_attachments":3,"activitypub_interaction_policy_quote":"anyone","activitypub_status":"federated","footnotes":""},"categories":[1],"tags":[48,132],"class_list":["post-6612","post","type-post","status-publish","format-standard","hentry","category-sen-categoria","tag-eleccions","tag-eleccions-municipais-2015"],"_links":{"self":[{"href":"https:\/\/blogs.amarinha.gal\/ribadeando\/wp-json\/wp\/v2\/posts\/6612","targetHints":{"allow":["GET"]}}],"collection":[{"href":"https:\/\/blogs.amarinha.gal\/ribadeando\/wp-json\/wp\/v2\/posts"}],"about":[{"href":"https:\/\/blogs.amarinha.gal\/ribadeando\/wp-json\/wp\/v2\/types\/post"}],"author":[{"embeddable":true,"href":"https:\/\/blogs.amarinha.gal\/ribadeando\/wp-json\/wp\/v2\/users\/3"}],"replies":[{"embeddable":true,"href":"https:\/\/blogs.amarinha.gal\/ribadeando\/wp-json\/wp\/v2\/comments?post=6612"}],"version-history":[{"count":0,"href":"https:\/\/blogs.amarinha.gal\/ribadeando\/wp-json\/wp\/v2\/posts\/6612\/revisions"}],"wp:attachment":[{"href":"https:\/\/blogs.amarinha.gal\/ribadeando\/wp-json\/wp\/v2\/media?parent=6612"}],"wp:term":[{"taxonomy":"category","embeddable":true,"href":"https:\/\/blogs.amarinha.gal\/ribadeando\/wp-json\/wp\/v2\/categories?post=6612"},{"taxonomy":"post_tag","embeddable":true,"href":"https:\/\/blogs.amarinha.gal\/ribadeando\/wp-json\/wp\/v2\/tags?post=6612"}],"curies":[{"name":"wp","href":"https:\/\/api.w.org\/{rel}","templated":true}]}}