{"id":6611,"date":"2015-03-26T07:44:00","date_gmt":"2015-03-26T06:44:00","guid":{"rendered":""},"modified":"2024-11-12T14:03:01","modified_gmt":"2024-11-12T13:03:01","slug":"facendo-contas-sobre-un-accidente","status":"publish","type":"post","link":"https:\/\/blogs.amarinha.gal\/ribadeando\/2015\/03\/26\/facendo-contas-sobre-un-accidente\/","title":{"rendered":"Facendo contas sobre un accidente"},"content":{"rendered":"<p>A ra\u00edz da desgraciada historia do accidente nos Alpes, levamos dende luns a primeira hora con novas sobre o tema, inclu\u00edndo minutos de silencio ou visita real.<\/p>\n<p>O mesmo d\u00eda que iso pasou, en Espa\u00f1a morreron segundo as estat\u00edsticas m\u00e1is de 1 100 persoas, e tendo en conta o dni dos pasaxeiros, unhas 40 no accidente a\u00e9reo. Ou sexa, cousa dun 3-4 % dos mortos espa\u00f1ois ese d\u00eda.<\/p>\n<p>Son datos descarnados, pero datos que amosan que o foco das c\u00e1maras aparta moitas veces o problema, desenfocando o entorno vital. Por exemplo, cantos mortos diarios representa a crise? E cantos a perda de calidade de servizos asistenciais?<\/p>\n","protected":false},"excerpt":{"rendered":"<p>A ra\u00edz da desgraciada historia do accidente nos Alpes, levamos dende luns a primeira hora con novas sobre o tema, inclu\u00edndo minutos de silencio ou visita real. O mesmo d\u00eda que iso pasou, en Espa\u00f1a morreron segundo as estat\u00edsticas m\u00e1is de 1 100 persoas, e tendo en conta o dni dos pasaxeiros, unhas 40 no [&hellip;]<\/p>\n","protected":false},"author":3,"featured_media":0,"comment_status":"open","ping_status":"closed","sticky":false,"template":"","format":"standard","meta":{"activitypub_content_warning":"","activitypub_content_visibility":"","activitypub_max_image_attachments":3,"activitypub_interaction_policy_quote":"anyone","activitypub_status":"federated","footnotes":""},"categories":[1],"tags":[32],"class_list":["post-6611","post","type-post","status-publish","format-standard","hentry","category-sen-categoria","tag-filosofia"],"_links":{"self":[{"href":"https:\/\/blogs.amarinha.gal\/ribadeando\/wp-json\/wp\/v2\/posts\/6611","targetHints":{"allow":["GET"]}}],"collection":[{"href":"https:\/\/blogs.amarinha.gal\/ribadeando\/wp-json\/wp\/v2\/posts"}],"about":[{"href":"https:\/\/blogs.amarinha.gal\/ribadeando\/wp-json\/wp\/v2\/types\/post"}],"author":[{"embeddable":true,"href":"https:\/\/blogs.amarinha.gal\/ribadeando\/wp-json\/wp\/v2\/users\/3"}],"replies":[{"embeddable":true,"href":"https:\/\/blogs.amarinha.gal\/ribadeando\/wp-json\/wp\/v2\/comments?post=6611"}],"version-history":[{"count":0,"href":"https:\/\/blogs.amarinha.gal\/ribadeando\/wp-json\/wp\/v2\/posts\/6611\/revisions"}],"wp:attachment":[{"href":"https:\/\/blogs.amarinha.gal\/ribadeando\/wp-json\/wp\/v2\/media?parent=6611"}],"wp:term":[{"taxonomy":"category","embeddable":true,"href":"https:\/\/blogs.amarinha.gal\/ribadeando\/wp-json\/wp\/v2\/categories?post=6611"},{"taxonomy":"post_tag","embeddable":true,"href":"https:\/\/blogs.amarinha.gal\/ribadeando\/wp-json\/wp\/v2\/tags?post=6611"}],"curies":[{"name":"wp","href":"https:\/\/api.w.org\/{rel}","templated":true}]}}