{"id":6610,"date":"2015-03-26T08:07:00","date_gmt":"2015-03-26T07:07:00","guid":{"rendered":""},"modified":"2024-11-12T14:03:00","modified_gmt":"2024-11-12T13:03:00","slug":"referindo-un-pleno","status":"publish","type":"post","link":"https:\/\/blogs.amarinha.gal\/ribadeando\/2015\/03\/26\/referindo-un-pleno\/","title":{"rendered":"Referindo un pleno"},"content":{"rendered":"<p>Polo momento, s\u00f3 hai referencia do <a href=\"http:\/\/ribadeando.blogspot.com.es\/2015\/03\/hoxe-pleno-no-concello-de-ribadeo.html\">pleno de martes 24 de marzo<\/a>&nbsp; pola <a href=\"http:\/\/ribadeo.gal\/actualidade\/nova.php?id=1746&amp;lg=gal\">nota de prensa do concello coa interpretaci\u00f3n do alcalde<\/a>, colgada na web do concello e difundida nos medios \u00f3 d\u00eda seguinte (onte). Nota que hai que ler sempre tendo en conta o dito:<\/p>\n<p>&#8221;<\/p>\n<p class=\"antetitulo\"><em>CON VARIOS ASUNTOS DE TR\u00c1MITE, SEGUNDO O ALCALDE<\/em><\/p>\n<p><em><br \/>\n   <\/em><\/p>\n<h3 class=\"antel\">\n<em>Pen\u00faltimo pleno<\/em><\/h3>\n<p><em><br \/>\n  <span class=\"data\">25\/03\/2015<\/span><br \/>\n  <\/em><\/p>\n<p class=\"intro\"><em>A ampliaci\u00f3n da estrada paralela \u00e1 v\u00eda do tren, a<br \/>\n mellora do alumeado na baixada \u00e1 Casa das Algas ou os requerimentos<br \/>\nenviados aos propietarios dos inmobles da antiga estaci\u00f3n do tren<br \/>\nmineiro, situados na parte de atr\u00e1s da r\u00faa Lazurtegui, foron alg\u00fans dos<br \/>\nasuntos abordados no cap\u00edtulo de rogos e preguntas no pen\u00faltimo pleno <\/em>[naturalmente, deste mandato]<em><br \/>\nque onte celebrou a Corporaci\u00f3n Municipal de Ribadeo. <\/em><\/p>\n<p><em><\/p>\n<p> <\/em><em>O rexedor contou que &#8220;xa encarando a recta final deste mandato<br \/>\ncelebramos este pen\u00faltimo pleno ordinario, no que realmente non hab\u00eda<br \/>\nasuntos de grande transcendencia. Era un pleno practicamente de tr\u00e1mite.<br \/>\n Os dous puntos m\u00e1is interesantes que houbo foron, por unha banda, un<br \/>\nreco\u00f1ecemento extraxudicial de cr\u00e9dito relativo a aqueles provedores que<br \/>\n cando acaba o ano natural non presentan as facturas sen\u00f3n que o fan no<br \/>\nano seguinte; \u00e9 algo sobre o que os advertimos que non deben facer as\u00ed<br \/>\nou se o fan a data da factura debe ser xa do novo ano natural, pero hai<br \/>\nalg\u00fans, sobre todo compa\u00f1\u00edas el\u00e9ctricas, etc\u00e9tera, que non se adaptan a<br \/>\nestas necesidades de contabilidade e polo tanto trast\u00f3rnannos a<br \/>\nnosoutros porque logo temos que facer uns reco\u00f1ecementos extraxudiciais<br \/>\nde cr\u00e9dito. En todo caso eran cifras de facturas que non exced\u00edan dos<br \/>\n30.000 euros&#8221;. <\/em><\/p>\n<p><em>Su\u00e1rez Barcia indicou que &#8220;por outra banda,<br \/>\nquixemos iniciar o tr\u00e1mite de modificaci\u00f3n puntual, moi pequeni\u00f1a, da<br \/>\nordenanza que regula o mercado semanal dos m\u00e9rcores no sentido de<br \/>\nintentar clarificar a problem\u00e1tica que exist\u00eda desde hai tempo co<br \/>\nsistema de aparcamento para os veh\u00edculos dos vendedores ambulantes deste<br \/>\n mercado semanal. Polo tanto buscamos unha soluci\u00f3n para que tivera un<br \/>\nencaixe legal, dialogada e pactada cos propios ambulantes e coa Polic\u00eda<br \/>\nLocal, e incorporamos unha redacci\u00f3n parecida a dun concello dunha<br \/>\ncidade pr\u00f3xima. Este acordo, que foi tam\u00e9n un\u00e1nime, vai estar a<br \/>\nexposici\u00f3n p\u00fablica durante un mes&#8221;. <\/em><\/p>\n<p><em>No cap\u00edtulo de rogos e<br \/>\npreguntas o alcalde explicou que &#8220;os diferentes grupos da Corporaci\u00f3n<br \/>\nintentan propo\u00f1en medidas para mellora o noso concello, propostas que<br \/>\ndesde o goberno na meirande parte dos casos estamos traballando nelas ou<br \/>\n lles indicamos que seguiremos traballando para lograr a consecuci\u00f3n<br \/>\nefectiva, como no que ten que ver coa ampliaci\u00f3n da estrada paralela \u00e1<br \/>\nv\u00eda do tren, que estamos traballando para poder logralo, a\u00ednda que non<br \/>\nse vai poder facer agora nestes dous meses que quedan antes do remate do<br \/>\n mandato, pero s\u00ed no transcurso do ano 2015 entendemos que ao novo<br \/>\ngoberno que estea quedaralle isto encarreirado para que poidan facer.<br \/>\nAs\u00ed como acordar con Costas a mellora do alumeado na baixada para a Casa<br \/>\n das Algas, na Vilavella&#8221;. <\/em><\/p>\n<p><em>E engadiu: &#8220;ou un asunto ao que<br \/>\ndediquei un tempo de explicaci\u00f3n, que \u00e9 o referido \u00e1 situaci\u00f3n de<br \/>\nabandono da parte de atr\u00e1s da r\u00faa Lazurtegui, detr\u00e1s do colexio das<br \/>\nmonxas, na antiga estaci\u00f3n do tren mineiro, xa que desde hai poucos<br \/>\nd\u00edas, unha vez que o plan xeral de ordenaci\u00f3n municipal est\u00e1<br \/>\ndefinitivamente aprobado, eses inmobles que est\u00e1n nunha situaci\u00f3n<br \/>\nruinosa adquiriron unha protecci\u00f3n que ata o momento non ti\u00f1an, polo que<br \/>\n dende hai xa unhas semanas temos iniciados expedientes e temos<br \/>\nrequirido aos seus propietarios, que son m\u00e1is de 20 e meirande parte<br \/>\ndeles non residen en Ribadeo, con procedementos como os que estamos<br \/>\nfacendo no casco vello para os que te\u00f1en propiedades en estado de ru\u00edna<br \/>\nou de abandono d\u00e9benas rehabilitar se non se queren enfrontar a unha<br \/>\npol\u00edtica m\u00e1is coercitiva por parte da administraci\u00f3n municipal. Estamos<br \/>\nnesa idea.<\/em>&#8221;<\/p>\n<p>&#8220;<\/p>\n","protected":false},"excerpt":{"rendered":"<p>Polo momento, s\u00f3 hai referencia do pleno de martes 24 de marzo&nbsp; pola nota de prensa do concello coa interpretaci\u00f3n do alcalde, colgada na web do concello e difundida nos medios \u00f3 d\u00eda seguinte (onte). Nota que hai que ler sempre tendo en conta o dito: &#8221; CON VARIOS ASUNTOS DE TR\u00c1MITE, SEGUNDO O ALCALDE [&hellip;]<\/p>\n","protected":false},"author":3,"featured_media":0,"comment_status":"open","ping_status":"closed","sticky":false,"template":"","format":"standard","meta":{"activitypub_content_warning":"","activitypub_content_visibility":"","activitypub_max_image_attachments":3,"activitypub_interaction_policy_quote":"anyone","activitypub_status":"federated","footnotes":""},"categories":[1],"tags":[42],"class_list":["post-6610","post","type-post","status-publish","format-standard","hentry","category-sen-categoria","tag-plenos"],"_links":{"self":[{"href":"https:\/\/blogs.amarinha.gal\/ribadeando\/wp-json\/wp\/v2\/posts\/6610","targetHints":{"allow":["GET"]}}],"collection":[{"href":"https:\/\/blogs.amarinha.gal\/ribadeando\/wp-json\/wp\/v2\/posts"}],"about":[{"href":"https:\/\/blogs.amarinha.gal\/ribadeando\/wp-json\/wp\/v2\/types\/post"}],"author":[{"embeddable":true,"href":"https:\/\/blogs.amarinha.gal\/ribadeando\/wp-json\/wp\/v2\/users\/3"}],"replies":[{"embeddable":true,"href":"https:\/\/blogs.amarinha.gal\/ribadeando\/wp-json\/wp\/v2\/comments?post=6610"}],"version-history":[{"count":0,"href":"https:\/\/blogs.amarinha.gal\/ribadeando\/wp-json\/wp\/v2\/posts\/6610\/revisions"}],"wp:attachment":[{"href":"https:\/\/blogs.amarinha.gal\/ribadeando\/wp-json\/wp\/v2\/media?parent=6610"}],"wp:term":[{"taxonomy":"category","embeddable":true,"href":"https:\/\/blogs.amarinha.gal\/ribadeando\/wp-json\/wp\/v2\/categories?post=6610"},{"taxonomy":"post_tag","embeddable":true,"href":"https:\/\/blogs.amarinha.gal\/ribadeando\/wp-json\/wp\/v2\/tags?post=6610"}],"curies":[{"name":"wp","href":"https:\/\/api.w.org\/{rel}","templated":true}]}}