{"id":6606,"date":"2015-04-01T10:09:00","date_gmt":"2015-04-01T08:09:00","guid":{"rendered":""},"modified":"2024-11-12T14:02:54","modified_gmt":"2024-11-12T13:02:54","slug":"unha-curiosidade-propaganda","status":"publish","type":"post","link":"https:\/\/blogs.amarinha.gal\/ribadeando\/2015\/04\/01\/unha-curiosidade-propaganda\/","title":{"rendered":"Unha curiosidade: propaganda institucional en Ribadeo"},"content":{"rendered":"<p>Fai moita propaganda institucional o concello de Ribadeo? Aprov\u00e9itaa o equipo de goberno para facer propaganda partidista?<\/p>\n<p>Son algunhas das preguntas que te\u00f1en relaci\u00f3n coa propaganda institucional e \u00e1s que se ten dado resposta dende diversos puntos partidistas, tendo en conta que o servizo de xesti\u00f3n de novas foi contratado hai non tantos mandatos, e que a web do concello, onde agora tam\u00e9n se publican, comezou a\u00ednda despois.<\/p>\n<p>De cara \u00e1s pr\u00f3ximas municipais, dun xeito ou outro, m\u00e1is tenue ou m\u00e1is claro, ha voltar sa\u00edr o tema da propaganda institucional. Certo que os temas tratados nas novas do concello son do m\u00e1is diverso, dende os de interese informativo ata os que se poder\u00edan clasificar de s\u00f3 propagand\u00edsticos, pero dende a intrusi\u00f3n dos estados nas comunicaci\u00f3ns \u00e9 algo popularmente co\u00f1ecido que cada dato pode ser importante, pero que o conxunto de informaci\u00f3n xeral sobre os datos \u00e9 tan importante como os mesmos datos. E unha das informaci\u00f3ns sobre as novas, neste caso, pode ser o n\u00famero de novas que se producen en cada momento. Tam\u00e9n \u00e9 certo que non s\u00f3 se producen novas do concello cando libera unha nota de prensa, pero o certo \u00e9 que parece que hai unha correlaci\u00f3n abondo boa entre ambas cousas, as notas do concello e o n\u00famero de veces que sae unha nova relacionada co concello nun d\u00eda determinado, ou mesmo coa frecuencia que sae a foto do alcalde.<\/p>\n<p>Dende o 1 de abril de 2014 \u00f3 31 de marzo de 2015, ambos os dous inclu\u00eddos, o concello liberou 253 novas, ou sexa, 0,69 novas diarias, ou 1 nova cada 1,44 d\u00edas. Boa parte dos d\u00edas non houbo novas, pero outros houba ata catro.<\/p>\n<p>Pero m\u00e1is que a media, coido importante a distribuci\u00f3n. E vese que antes das europeas hai un pequeno repunte, sendo o seguinte repunte a comezos do ver\u00e1n. E os descansos, xusto despois das europeas un anaco plani\u00f1o, e outros dous antes das vacaci\u00f3ns e despois das patronais. Por meses, xaneiro\/febreiro son os de menor intensidade de novas.<\/p>\n<p>O que pasar\u00e1 agora, de cara \u00e1s municipais, saber\u00e9molo pouco a pouco e s\u00f3 significar\u00e1 incrementar as gr\u00e1ficas un par de meses m\u00e1is, a\u00ednda que poden dar indicaci\u00f3ns m\u00e1is valiosas.<\/p>\n<p>Deixo embaixo as gr\u00e1ficas. A primeira, o n\u00famero acumulado de novas de de o 1 de abril do ano pasado ata onte mesmo. As outras d\u00faas, as novas que foro dat\u00e1ndose d\u00eda a d\u00eda en dous formatos diferentes, para poder facerse mellor \u00e1 idea entre tanto dato.<\/p>\n<p><a href=\"https:\/\/blogger.googleusercontent.com\/img\/b\/R29vZ2xl\/AVvXsEhxOOLjH3HTaVEBcOB-4LOKwI-4sEAip8oXinwxXm7MWMG3D2gAfQCSI4c_UrQ1QZ3gmv8vI4DXQ6cYCQw7Qgw_eB5ZoFp4Ycg-OeJhU0MgNIs74uNG_WGo1Y4t0Ty2gfWnAhCZug\/s2048\/novas+acumulado.jpg\" imageanchor=\"1\" style=\"margin-left: 1em; margin-right: 1em;\"><img loading=\"lazy\" decoding=\"async\" src=\"https:\/\/blogger.googleusercontent.com\/img\/b\/R29vZ2xl\/AVvXsEhxOOLjH3HTaVEBcOB-4LOKwI-4sEAip8oXinwxXm7MWMG3D2gAfQCSI4c_UrQ1QZ3gmv8vI4DXQ6cYCQw7Qgw_eB5ZoFp4Ycg-OeJhU0MgNIs74uNG_WGo1Y4t0Ty2gfWnAhCZug\/s2048\/novas+acumulado.jpg\" height=\"370\" width=\"640\" \/><\/a><\/p>\n<p><a href=\"https:\/\/blogger.googleusercontent.com\/img\/b\/R29vZ2xl\/AVvXsEi0MKURr4_JWEqd0ydK23UetOfSqMFRXqpvuTRIaj8vY74lthO9r_HiB7U0ljuamyHCE0ajC8_e9-9Lu8iCRACh6XCDbWkzQwlCkaUpnp29i5jcO4U32OKSTjmewwV1Ux-eh1dMGg\/s2048\/novas+diarias+2.jpg\" imageanchor=\"1\" style=\"margin-left: 1em; margin-right: 1em;\"><img loading=\"lazy\" decoding=\"async\" src=\"https:\/\/blogger.googleusercontent.com\/img\/b\/R29vZ2xl\/AVvXsEi0MKURr4_JWEqd0ydK23UetOfSqMFRXqpvuTRIaj8vY74lthO9r_HiB7U0ljuamyHCE0ajC8_e9-9Lu8iCRACh6XCDbWkzQwlCkaUpnp29i5jcO4U32OKSTjmewwV1Ux-eh1dMGg\/s2048\/novas+diarias+2.jpg\" height=\"372\" width=\"640\" \/><\/a><\/p>\n<p><a href=\"https:\/\/blogger.googleusercontent.com\/img\/b\/R29vZ2xl\/AVvXsEib1uHT_0rfwlzmCnSmPc3wNinNTn3oBpI8cXtWyAdSr1wlWo_RfUhHaeQ71rqOGhXb8yRN7vMwQzc4RWPiKZHAaAJMTBXrGiH_ZlrLKQr-djVH9PTPESJhwjeKyZMylkUZWkW_Uw\/s2048\/novas+diarias.jpg\" imageanchor=\"1\" style=\"margin-left: 1em; margin-right: 1em;\"><img loading=\"lazy\" decoding=\"async\" src=\"https:\/\/blogger.googleusercontent.com\/img\/b\/R29vZ2xl\/AVvXsEib1uHT_0rfwlzmCnSmPc3wNinNTn3oBpI8cXtWyAdSr1wlWo_RfUhHaeQ71rqOGhXb8yRN7vMwQzc4RWPiKZHAaAJMTBXrGiH_ZlrLKQr-djVH9PTPESJhwjeKyZMylkUZWkW_Uw\/s2048\/novas+diarias.jpg\" height=\"366\" width=\"640\" \/><\/a><\/p>\n","protected":false},"excerpt":{"rendered":"<p>Fai moita propaganda institucional o concello de Ribadeo? Aprov\u00e9itaa o equipo de goberno para facer propaganda partidista? Son algunhas das preguntas que te\u00f1en relaci\u00f3n coa propaganda institucional e \u00e1s que se ten dado resposta dende diversos puntos partidistas, tendo en conta que o servizo de xesti\u00f3n de novas foi contratado hai non tantos mandatos, e [&hellip;]<\/p>\n","protected":false},"author":3,"featured_media":0,"comment_status":"open","ping_status":"closed","sticky":false,"template":"","format":"standard","meta":{"activitypub_content_warning":"","activitypub_content_visibility":"","activitypub_max_image_attachments":3,"activitypub_interaction_policy_quote":"anyone","activitypub_status":"federated","footnotes":""},"categories":[1],"tags":[48,132,9],"class_list":["post-6606","post","type-post","status-publish","format-standard","hentry","category-sen-categoria","tag-eleccions","tag-eleccions-municipais-2015","tag-sociedade"],"_links":{"self":[{"href":"https:\/\/blogs.amarinha.gal\/ribadeando\/wp-json\/wp\/v2\/posts\/6606","targetHints":{"allow":["GET"]}}],"collection":[{"href":"https:\/\/blogs.amarinha.gal\/ribadeando\/wp-json\/wp\/v2\/posts"}],"about":[{"href":"https:\/\/blogs.amarinha.gal\/ribadeando\/wp-json\/wp\/v2\/types\/post"}],"author":[{"embeddable":true,"href":"https:\/\/blogs.amarinha.gal\/ribadeando\/wp-json\/wp\/v2\/users\/3"}],"replies":[{"embeddable":true,"href":"https:\/\/blogs.amarinha.gal\/ribadeando\/wp-json\/wp\/v2\/comments?post=6606"}],"version-history":[{"count":0,"href":"https:\/\/blogs.amarinha.gal\/ribadeando\/wp-json\/wp\/v2\/posts\/6606\/revisions"}],"wp:attachment":[{"href":"https:\/\/blogs.amarinha.gal\/ribadeando\/wp-json\/wp\/v2\/media?parent=6606"}],"wp:term":[{"taxonomy":"category","embeddable":true,"href":"https:\/\/blogs.amarinha.gal\/ribadeando\/wp-json\/wp\/v2\/categories?post=6606"},{"taxonomy":"post_tag","embeddable":true,"href":"https:\/\/blogs.amarinha.gal\/ribadeando\/wp-json\/wp\/v2\/tags?post=6606"}],"curies":[{"name":"wp","href":"https:\/\/api.w.org\/{rel}","templated":true}]}}