{"id":6605,"date":"2015-04-01T12:11:00","date_gmt":"2015-04-01T10:11:00","guid":{"rendered":""},"modified":"2024-11-12T14:02:53","modified_gmt":"2024-11-12T13:02:53","slug":"candidatura-completa-do-pp-para-ribadeo","status":"publish","type":"post","link":"https:\/\/blogs.amarinha.gal\/ribadeando\/2015\/04\/01\/candidatura-completa-do-pp-para-ribadeo\/","title":{"rendered":"Candidatura completa do PP para Ribadeo, ordeada e con alg\u00fan comentario"},"content":{"rendered":"<p>Foi desvelada onte 31 de marzo no Hotel O Cabazo.<\/p>\n<p><a href=\"https:\/\/blogger.googleusercontent.com\/img\/b\/R29vZ2xl\/AVvXsEgdvVVMGw5Ndto_N8mkRZllDZoq5_flz7cffMMFJFSqXXhGubUWV40nidBDr21Wl1WJSfes9cWRxn7_0SgrzV8WmT7KmME0s0JPKtA951z9dOB3S4fxdebclkYH4HcAnq-1ZrAQyw\/s2048\/PP+2015.jpg\" imageanchor=\"1\" style=\"margin-left: 1em; margin-right: 1em;\"><img loading=\"lazy\" decoding=\"async\" height=\"480\" src=\"https:\/\/blogger.googleusercontent.com\/img\/b\/R29vZ2xl\/AVvXsEgdvVVMGw5Ndto_N8mkRZllDZoq5_flz7cffMMFJFSqXXhGubUWV40nidBDr21Wl1WJSfes9cWRxn7_0SgrzV8WmT7KmME0s0JPKtA951z9dOB3S4fxdebclkYH4HcAnq-1ZrAQyw\/s2048\/PP+2015.jpg\" width=\"640\" \/><\/a><\/p>\n<p>1.Jes\u00fas L\u00f3pez Penabad (sabido dende hai tempo)<\/p>\n<p>2.Mar\u00eda Rosina Tosar L\u00f3pez (anunciada previamente)<\/p>\n<p>3.Jos\u00e9 Juan Est\u00e9vez Fern\u00e1ndez<\/p>\n<p>4.Jos\u00e9 Mar\u00eda Su\u00e1rez Garc\u00eda<\/p>\n<p>Catro \u00e9 o n\u00famero de concelleiros que ten na actualidade o PP, pero co aumento a 17 ed\u00eds nestas elecci\u00f3ns, para conservar a porcentaxe debera obter outro concelleiro m\u00e1is.<\/p>\n<p>5.Ana Mar\u00eda Castelao<\/p>\n<p>6.Daniel Vega P\u00e9rez<\/p>\n<p>7.Abelardo Cuadrado L\u00f3pez<\/p>\n<p>8.Baldomero Castro Prieto<\/p>\n<p>A partir de aqu\u00ed, ser\u00eda maior\u00eda absoluta <\/p>\n<p>9.Alba Rodil Garc\u00eda<\/p>\n<p>10.Ana Mar\u00eda Docobo Fern\u00e1ndez<\/p>\n<p>11.Inocencio Rodr\u00edguez Gonz\u00e1lez<\/p>\n<p>12.Diana Mar\u00eda Fern\u00e1ndez ramos<\/p>\n<p>13.Francisco Jos\u00e9 Pulpeiro<\/p>\n<p>14.Rosa Mar\u00eda Garc\u00eda Presno Alonso<\/p>\n<p>15.Hern\u00e1n Jos\u00e9 Valle \u00e1lvarez<\/p>\n<p>16.Mar\u00eda Concepci\u00f3n Vilabrille<\/p>\n<p>17.Juan Carlos Fanego D\u00edaz<\/p>\n<p>suplentes:<\/p>\n<p>18.Mar\u00eda Dolores Tojo Garc\u00eda<\/p>\n<p>19.Joaqu\u00edn SanJuli\u00e1n D\u00edaz<\/p>\n<p>20.Marta Sordo Rocha<\/p>\n<p>21.Pedro Jos\u00e9 Muruais Fern\u00e1ndez<\/p>\n<p>&#8230; non se mant\u00e9n ning\u00fan dos <a href=\"http:\/\/ribadeando.blogspot.com.es\/2011\/05\/flecos-electorais-e-lista-de.html\">concelleiros actuais<\/a>.<\/p>\n<p>Pode compararse coa lista do <a href=\"https:\/\/municipaisribadeo11.wordpress.com\/candidaturas\/\">2011<\/a>. <\/p>\n<p><a href=\"http:\/\/ribadeando.blogspot.com.es\/2015\/03\/candidatura-completa-do-bng.html\">Candidatura completa do BNG para Ribadeo, ordeada e con alg\u00fan comentario<\/a><\/p>\n<p><a href=\"http:\/\/ribadeando.blogspot.com.es\/search\/label\/elecci%C3%B3ns%202011\">Sobre as pasadas elecci\u00f3ns municipais de Ribadeo 2011<\/a> <\/p>\n<p><a href=\"http:\/\/ribadeando.blogspot.com.es\/search\/label\/elecci%C3%B3ns%202011\">E m\u00e1is sobre elecci\u00f3ns<\/a><\/p>\n","protected":false},"excerpt":{"rendered":"<p>Foi desvelada onte 31 de marzo no Hotel O Cabazo. 1.Jes\u00fas L\u00f3pez Penabad (sabido dende hai tempo) 2.Mar\u00eda Rosina Tosar L\u00f3pez (anunciada previamente) 3.Jos\u00e9 Juan Est\u00e9vez Fern\u00e1ndez 4.Jos\u00e9 Mar\u00eda Su\u00e1rez Garc\u00eda Catro \u00e9 o n\u00famero de concelleiros que ten na actualidade o PP, pero co aumento a 17 ed\u00eds nestas elecci\u00f3ns, para conservar a porcentaxe [&hellip;]<\/p>\n","protected":false},"author":3,"featured_media":0,"comment_status":"open","ping_status":"closed","sticky":false,"template":"","format":"standard","meta":{"activitypub_content_warning":"","activitypub_content_visibility":"","activitypub_max_image_attachments":3,"activitypub_interaction_policy_quote":"anyone","activitypub_status":"federated","footnotes":""},"categories":[1],"tags":[48,132],"class_list":["post-6605","post","type-post","status-publish","format-standard","hentry","category-sen-categoria","tag-eleccions","tag-eleccions-municipais-2015"],"_links":{"self":[{"href":"https:\/\/blogs.amarinha.gal\/ribadeando\/wp-json\/wp\/v2\/posts\/6605","targetHints":{"allow":["GET"]}}],"collection":[{"href":"https:\/\/blogs.amarinha.gal\/ribadeando\/wp-json\/wp\/v2\/posts"}],"about":[{"href":"https:\/\/blogs.amarinha.gal\/ribadeando\/wp-json\/wp\/v2\/types\/post"}],"author":[{"embeddable":true,"href":"https:\/\/blogs.amarinha.gal\/ribadeando\/wp-json\/wp\/v2\/users\/3"}],"replies":[{"embeddable":true,"href":"https:\/\/blogs.amarinha.gal\/ribadeando\/wp-json\/wp\/v2\/comments?post=6605"}],"version-history":[{"count":0,"href":"https:\/\/blogs.amarinha.gal\/ribadeando\/wp-json\/wp\/v2\/posts\/6605\/revisions"}],"wp:attachment":[{"href":"https:\/\/blogs.amarinha.gal\/ribadeando\/wp-json\/wp\/v2\/media?parent=6605"}],"wp:term":[{"taxonomy":"category","embeddable":true,"href":"https:\/\/blogs.amarinha.gal\/ribadeando\/wp-json\/wp\/v2\/categories?post=6605"},{"taxonomy":"post_tag","embeddable":true,"href":"https:\/\/blogs.amarinha.gal\/ribadeando\/wp-json\/wp\/v2\/tags?post=6605"}],"curies":[{"name":"wp","href":"https:\/\/api.w.org\/{rel}","templated":true}]}}