{"id":6598,"date":"2015-04-03T11:39:00","date_gmt":"2015-04-03T09:39:00","guid":{"rendered":""},"modified":"2024-11-12T14:02:37","modified_gmt":"2024-11-12T13:02:37","slug":"avalando","status":"publish","type":"post","link":"https:\/\/blogs.amarinha.gal\/ribadeando\/2015\/04\/03\/avalando\/","title":{"rendered":"Avalando"},"content":{"rendered":"<p>Avalar \u00e9 radicalmente diferente de abalar. No primeiro caso tr\u00e1tase de dar respaldo a algo. No segundo, de abanearse; pode ser con algo ou un mesmo, iso \u00e9 o de menos. No primeiro, \u00e9 unha postura consciente. No segundo, pode ser consciente ou sinxelamente, pasotismo..<\/p>\n<p><a href=\"https:\/\/blogger.googleusercontent.com\/img\/b\/R29vZ2xl\/AVvXsEgVawjIDLUhAdSpm4aoj9mLJ0HAUUNKrqJuWMJNLYbg4z5CzoPdnzn-jujzNMUvUoJim6aWRYiWERUCM_VW-I1N11QFOpXjuTprMyStTmPAuLBlthAioK9WgXRLMsmclVrDysBoIQ\/s2048\/logo+ReC.jpg\" imageanchor=\"1\" style=\"margin-left: 1em; margin-right: 1em;\"><img loading=\"lazy\" decoding=\"async\" src=\"https:\/\/blogger.googleusercontent.com\/img\/b\/R29vZ2xl\/AVvXsEgVawjIDLUhAdSpm4aoj9mLJ0HAUUNKrqJuWMJNLYbg4z5CzoPdnzn-jujzNMUvUoJim6aWRYiWERUCM_VW-I1N11QFOpXjuTprMyStTmPAuLBlthAioK9WgXRLMsmclVrDysBoIQ\/s2048\/logo+ReC.jpg\" height=\"232\" width=\"320\" \/><\/a><\/p>\n<p>Onte comez\u00e1ronse a recoller os cincocentos avais necesarios para que Ribadeo en Com\u00fan poda presentarse \u00e1s elecci\u00f3ns como agrupaci\u00f3n de electores. Non \u00e9 un partido, nin unha coalici\u00f3n: son, somos, electores agrupados. E por iso, porque \u00e9 un pequeno sa\u00edrse das normas partidistas, \u00e9 todo moito m\u00e1is dif\u00edcil: porque o fan m\u00e1is dif\u00edcil, non porque te\u00f1a que ser as\u00ed. Un lema poder\u00eda ser: &#8220;se queres sa\u00edrte do cami\u00f1o marcado, avala o cami\u00f1ado&#8221;. Porque seguramente ti non marcaches o cami\u00f1o e ves que p\u00f3dense facer moitos outros. E porque Ribadeo en Com\u00fan leva cami\u00f1ado xa abonda para chegar ata aqu\u00ed. No seu blog ou no seu Facebook, lendo o seu manifesto ou o que se leva feito dun programa que se aposta porque sexa din\u00e1mico, cambiante d\u00eda a d\u00eda coas aportaci\u00f3ns de todas as persoas que queiran contribu\u00edr durante a campa\u00f1a e despois dela, poder\u00e1s atopar algunhas cousas que te dar\u00e1n idea do moito que xa leva cami\u00f1ado esta xente que pretende agruparse se llo permiten.<\/p>\n<p>Onte estiveron recollendo avais na catro calles. Hoxe, tam\u00e9n o estar\u00e1n<\/p>\n<p><a href=\"https:\/\/blogger.googleusercontent.com\/img\/b\/R29vZ2xl\/AVvXsEiTYPPgKdcotAdsql97dNi8BKrHoWtrITON9IpPWeEhct5X4NxfsrpfkBszNqmyIQGtqZFYTIUCR05e52GoqigutjhXyy3Ow-8RIag5qSCLWqKTUv9e1EUxR89hBQlsLmZIEdZ-iw\/s2048\/Ribadeo.jpg\" imageanchor=\"1\" style=\"margin-left: 1em; margin-right: 1em;\"><img loading=\"lazy\" decoding=\"async\" src=\"https:\/\/blogger.googleusercontent.com\/img\/b\/R29vZ2xl\/AVvXsEiTYPPgKdcotAdsql97dNi8BKrHoWtrITON9IpPWeEhct5X4NxfsrpfkBszNqmyIQGtqZFYTIUCR05e52GoqigutjhXyy3Ow-8RIag5qSCLWqKTUv9e1EUxR89hBQlsLmZIEdZ-iw\/s2048\/Ribadeo.jpg\" height=\"496\" width=\"640\" \/><\/a><\/p>\n","protected":false},"excerpt":{"rendered":"<p>Avalar \u00e9 radicalmente diferente de abalar. No primeiro caso tr\u00e1tase de dar respaldo a algo. No segundo, de abanearse; pode ser con algo ou un mesmo, iso \u00e9 o de menos. No primeiro, \u00e9 unha postura consciente. No segundo, pode ser consciente ou sinxelamente, pasotismo.. Onte comez\u00e1ronse a recoller os cincocentos avais necesarios para que [&hellip;]<\/p>\n","protected":false},"author":3,"featured_media":0,"comment_status":"open","ping_status":"closed","sticky":false,"template":"","format":"standard","meta":{"activitypub_content_warning":"","activitypub_content_visibility":"","activitypub_max_image_attachments":3,"activitypub_interaction_policy_quote":"anyone","activitypub_status":"federate","footnotes":""},"categories":[1],"tags":[13,135],"class_list":["post-6598","post","type-post","status-publish","format-standard","hentry","category-sen-categoria","tag-politica","tag-rec"],"_links":{"self":[{"href":"https:\/\/blogs.amarinha.gal\/ribadeando\/wp-json\/wp\/v2\/posts\/6598","targetHints":{"allow":["GET"]}}],"collection":[{"href":"https:\/\/blogs.amarinha.gal\/ribadeando\/wp-json\/wp\/v2\/posts"}],"about":[{"href":"https:\/\/blogs.amarinha.gal\/ribadeando\/wp-json\/wp\/v2\/types\/post"}],"author":[{"embeddable":true,"href":"https:\/\/blogs.amarinha.gal\/ribadeando\/wp-json\/wp\/v2\/users\/3"}],"replies":[{"embeddable":true,"href":"https:\/\/blogs.amarinha.gal\/ribadeando\/wp-json\/wp\/v2\/comments?post=6598"}],"version-history":[{"count":0,"href":"https:\/\/blogs.amarinha.gal\/ribadeando\/wp-json\/wp\/v2\/posts\/6598\/revisions"}],"wp:attachment":[{"href":"https:\/\/blogs.amarinha.gal\/ribadeando\/wp-json\/wp\/v2\/media?parent=6598"}],"wp:term":[{"taxonomy":"category","embeddable":true,"href":"https:\/\/blogs.amarinha.gal\/ribadeando\/wp-json\/wp\/v2\/categories?post=6598"},{"taxonomy":"post_tag","embeddable":true,"href":"https:\/\/blogs.amarinha.gal\/ribadeando\/wp-json\/wp\/v2\/tags?post=6598"}],"curies":[{"name":"wp","href":"https:\/\/api.w.org\/{rel}","templated":true}]}}