{"id":6578,"date":"2015-04-10T08:16:00","date_gmt":"2015-04-10T06:16:00","guid":{"rendered":""},"modified":"2024-11-12T14:02:00","modified_gmt":"2024-11-12T13:02:00","slug":"candidatura-completa-do-psoe-para","status":"publish","type":"post","link":"https:\/\/blogs.amarinha.gal\/ribadeando\/2015\/04\/10\/candidatura-completa-do-psoe-para\/","title":{"rendered":"Candidatura completa do PSOE para Ribadeo, ordeada e con alg\u00fan comentario (Municipais 2015)"},"content":{"rendered":"<p>A candidatura non presenta \u00f3 \u00fanico concelleiro actual do PSOE, Eduardo Guti\u00e9rrez.<\/p>\n<p>1.Roberto Ramos Pi\u00f1eiro<\/p>\n<p>A partir de aqu\u00ed, o PSOE pasar\u00eda a ter m\u00e1is concelleiros dos que ten <\/p>\n<p>2.David Fern\u00e1ndez Feijoo<\/p>\n<p>3.Aurora Gonz\u00e1lez Ginzo<\/p>\n<p>4.Camilo Jos\u00e9 V\u00e1zquez<\/p>\n<p>5.Mar\u00eda Paloma D\u00edaz Andina<\/p>\n<p>6.Ram\u00f3n \u00c1ngel Coto Longarela<\/p>\n<p>7.Cristina Losas Soria<\/p>\n<p>8.Ceferino Rodr\u00edguez Carril<\/p>\n<p>9.Ana Mar\u00eda Fern\u00e1ndez G\u00f3mez<\/p>\n<p>10.Cot\u00e9 Fern\u00e1ndez del R\u00edo<\/p>\n<p>11.Miguel \u00c1ngel Cima \u00c1lvarez<\/p>\n<p>12.Elva Qui\u00f1o\u00e1 L\u00f3pez<\/p>\n<p>13.Jennifer Moure L\u00f3pez<\/p>\n<p>14.Mar\u00eda Luisa Loredo Fern\u00e1ndez<\/p>\n<p>15.Antonio Fern\u00e1ndez Escudero<\/p>\n<p>16.Andrea Ramallal Alonso<\/p>\n<p>17.Jos\u00e9 Ram\u00f3n L\u00f3pez L\u00f3pez<\/p>\n<p>Suplentes <\/p>\n<p>18.Valent\u00edn Izquierdo Rodr\u00edguez<\/p>\n<p>19.Mar\u00eda del Carmen D\u00edaz R\u00edos<\/p>\n<p>20.Rosario Pardo Su\u00e1rez<\/p>\n<p>Polo momento na <a href=\"http:\/\/www.agrupacionpsoeribadeo.es\/\">p\u00e1xina do PSOE de Ribadeo<\/a> non hai nada colgado \u00f3 respecto.<\/p>\n<p>Pode compararse esta candidatura coa de <a href=\"https:\/\/municipaisribadeo11.wordpress.com\/candidaturas\/\">2011<\/a>.<\/p>\n<p>D\u00faas imaxes dos candidatos: <\/p>\n<p><a href=\"https:\/\/blogger.googleusercontent.com\/img\/b\/R29vZ2xl\/AVvXsEhS6wSqjxRx_nv6qp9-vDCpqk3ifnAmr1tjY2Hu0_Yr5CEp_xWsm5ROZeKJQ3RYE94KtGge67pbDU9KE6LqUrumWTrlBU12vHdR2QHIBNpQQwPUdsOOy3CXwcsLnUPgzilCyPtmew\/s2048\/IMG_4901.JPG\" style=\"margin-left: 1em; margin-right: 1em;\"><img loading=\"lazy\" decoding=\"async\" height=\"450\" src=\"https:\/\/blogger.googleusercontent.com\/img\/b\/R29vZ2xl\/AVvXsEhS6wSqjxRx_nv6qp9-vDCpqk3ifnAmr1tjY2Hu0_Yr5CEp_xWsm5ROZeKJQ3RYE94KtGge67pbDU9KE6LqUrumWTrlBU12vHdR2QHIBNpQQwPUdsOOy3CXwcsLnUPgzilCyPtmew\/s2048\/IMG_4901.JPG\" width=\"640\" \/><\/a><\/p>\n<p><a href=\"https:\/\/blogger.googleusercontent.com\/img\/b\/R29vZ2xl\/AVvXsEhx-vWE35VWgZEhPZNwkNM7dfMLlYkomvU5KLZo8uECUyMqgtikxkkDF6iJvfAhKl1asFb1yq2Haed2RhxOen_ueI5VwWvRsw_IUluzVZCqUJzCo85MKiQT51YOuF9bvLTxTD9cBg\/s2048\/IMG_4900.JPG\" style=\"margin-left: 1em; margin-right: 1em;\"><img loading=\"lazy\" decoding=\"async\" height=\"426\" src=\"https:\/\/blogger.googleusercontent.com\/img\/b\/R29vZ2xl\/AVvXsEhx-vWE35VWgZEhPZNwkNM7dfMLlYkomvU5KLZo8uECUyMqgtikxkkDF6iJvfAhKl1asFb1yq2Haed2RhxOen_ueI5VwWvRsw_IUluzVZCqUJzCo85MKiQT51YOuF9bvLTxTD9cBg\/s2048\/IMG_4900.JPG\" width=\"640\" \/><\/a><\/p>\n<p>Outras candidaturas:<\/p>\n<p><a href=\"http:\/\/ribadeando.blogspot.com.es\/2015\/04\/candidatura-completa-do-pp-para-ribadeo.html\">PP<\/a><\/p>\n<p><a href=\"http:\/\/ribadeando.blogspot.com.es\/2015\/03\/candidatura-completa-do-bng.html\">BNG<\/a><\/p>\n<p><a href=\"http:\/\/ribadeando.blogspot.com.es\/2015\/04\/lista-de-candidatos-as-primarias-de.html\">Candidatos a primarias de ReC<\/a><\/p>\n<p>&#8230; e m\u00e1is: <\/p>\n<p><a href=\"http:\/\/ribadeando.blogspot.com.es\/search\/label\/elecci%C3%B3ns%20municipais%202015\">Sobre as elecci\u00f3ns municipais 2015<\/a> <\/p>\n<p><strong><strong><a href=\"http:\/\/ribadeando.blogspot.com.es\/search\/label\/elecci%C3%B3ns%202011\">Sobre as pasadas elecci\u00f3ns municipais de Ribadeo 2011<\/a><\/strong><\/strong><\/p>\n<p><strong><strong><a href=\"http:\/\/ribadeando.blogspot.com.es\/2011\/06\/un-novo-alcalde-de-ribadeo-video.html\">V\u00eddeo da toma de posesi\u00f3n en 2011<\/a>&nbsp; <\/p>\n<p><a href=\"http:\/\/ribadeando.blogspot.com.es\/search\/label\/elecci%C3%B3ns%202011\">E m\u00e1is sobre elecci\u00f3ns<\/a><\/strong><\/strong><\/p>\n","protected":false},"excerpt":{"rendered":"<p>A candidatura non presenta \u00f3 \u00fanico concelleiro actual do PSOE, Eduardo Guti\u00e9rrez. 1.Roberto Ramos Pi\u00f1eiro A partir de aqu\u00ed, o PSOE pasar\u00eda a ter m\u00e1is concelleiros dos que ten 2.David Fern\u00e1ndez Feijoo 3.Aurora Gonz\u00e1lez Ginzo 4.Camilo Jos\u00e9 V\u00e1zquez 5.Mar\u00eda Paloma D\u00edaz Andina 6.Ram\u00f3n \u00c1ngel Coto Longarela 7.Cristina Losas Soria 8.Ceferino Rodr\u00edguez Carril 9.Ana Mar\u00eda Fern\u00e1ndez [&hellip;]<\/p>\n","protected":false},"author":3,"featured_media":0,"comment_status":"open","ping_status":"closed","sticky":false,"template":"","format":"standard","meta":{"activitypub_content_warning":"","activitypub_content_visibility":"","activitypub_max_image_attachments":3,"activitypub_interaction_policy_quote":"anyone","activitypub_status":"federated","footnotes":""},"categories":[1],"tags":[48,132],"class_list":["post-6578","post","type-post","status-publish","format-standard","hentry","category-sen-categoria","tag-eleccions","tag-eleccions-municipais-2015"],"_links":{"self":[{"href":"https:\/\/blogs.amarinha.gal\/ribadeando\/wp-json\/wp\/v2\/posts\/6578","targetHints":{"allow":["GET"]}}],"collection":[{"href":"https:\/\/blogs.amarinha.gal\/ribadeando\/wp-json\/wp\/v2\/posts"}],"about":[{"href":"https:\/\/blogs.amarinha.gal\/ribadeando\/wp-json\/wp\/v2\/types\/post"}],"author":[{"embeddable":true,"href":"https:\/\/blogs.amarinha.gal\/ribadeando\/wp-json\/wp\/v2\/users\/3"}],"replies":[{"embeddable":true,"href":"https:\/\/blogs.amarinha.gal\/ribadeando\/wp-json\/wp\/v2\/comments?post=6578"}],"version-history":[{"count":0,"href":"https:\/\/blogs.amarinha.gal\/ribadeando\/wp-json\/wp\/v2\/posts\/6578\/revisions"}],"wp:attachment":[{"href":"https:\/\/blogs.amarinha.gal\/ribadeando\/wp-json\/wp\/v2\/media?parent=6578"}],"wp:term":[{"taxonomy":"category","embeddable":true,"href":"https:\/\/blogs.amarinha.gal\/ribadeando\/wp-json\/wp\/v2\/categories?post=6578"},{"taxonomy":"post_tag","embeddable":true,"href":"https:\/\/blogs.amarinha.gal\/ribadeando\/wp-json\/wp\/v2\/tags?post=6578"}],"curies":[{"name":"wp","href":"https:\/\/api.w.org\/{rel}","templated":true}]}}