{"id":6574,"date":"2015-04-14T18:32:00","date_gmt":"2015-04-14T16:32:00","guid":{"rendered":""},"modified":"2024-11-12T14:01:55","modified_gmt":"2024-11-12T13:01:55","slug":"testemuna-rec","status":"publish","type":"post","link":"https:\/\/blogs.amarinha.gal\/ribadeando\/2015\/04\/14\/testemuna-rec\/","title":{"rendered":"Testemu\u00f1a ReC"},"content":{"rendered":"<p>Copio do facebook:<\/p>\n<p class=\"_5pbx userContent\" data-ft=\"{&quot;tn&quot;:&quot;K&quot;}\" id=\"js_3\"><em>Hoxe<br \/>\n Ribadeo en Com\u00fan deu un grande paso cara ao obxectivo de presentarse<br \/>\ncomo Agrupaci\u00f3n de Electores nas elecci\u00f3ns municipais de maio, ao<br \/>\nentregar no rexistro at\u00e9 580 avais de persoas empadroadas en Ribadeo. <\/em><\/p>\n<p><em><br \/>\n Este logro reflicte o interese de boa parte da veci\u00f1anza en que apareza<br \/>\n unha nova forza -aberta e horizontal- na pol\u00edtica local, pero tam\u00e9n a<br \/>\ncalidade democr\u00e1tica doutras persoas que, sendo favorables a outras<br \/>\nopci\u00f3ns, apoiaron o dereito a existir e participar no xogo democr\u00e1tico<br \/>\nde Ribadeo en Com\u00fan. Moitas grazas a todas elas.<\/em><\/p>\n<p><em> Na foto, <a class=\"profileLink\" data-hovercard=\"\/ajax\/hovercard\/user.php?id=100001142328731\" href=\"https:\/\/www.facebook.com\/mavi.lopezelouro\">Mav\u00ed Lopez Louro<\/a> e <a class=\"profileLink\" data-hovercard=\"\/ajax\/hovercard\/user.php?id=100004851254614\" href=\"https:\/\/www.facebook.com\/manolo.teijeira\">Manolo Teijeira<\/a> fan entrega dos avais de ReC a Raimundo Ib\u00e1\u00f1ez, \u00e1 entrada do Concello.<\/em><\/p>\n<p><a href=\"https:\/\/blogger.googleusercontent.com\/img\/b\/R29vZ2xl\/AVvXsEh3rlXIluaq8pnLhdkB5WTYTlRWjlNRjESGh8hx7LaAmcs8MloF4inL_jCd3YdKKbkF4jYapD0SDpjnOS-VJaWj-e02sx4soZARsGOqMVqFKPUm_nAryAjtXvntQWBqh-ixFEYQGQ\/s2048\/entrega+avais+ReC.jpg\" imageanchor=\"1\" style=\"margin-left: 1em; margin-right: 1em;\"><img loading=\"lazy\" decoding=\"async\" src=\"https:\/\/blogger.googleusercontent.com\/img\/b\/R29vZ2xl\/AVvXsEh3rlXIluaq8pnLhdkB5WTYTlRWjlNRjESGh8hx7LaAmcs8MloF4inL_jCd3YdKKbkF4jYapD0SDpjnOS-VJaWj-e02sx4soZARsGOqMVqFKPUm_nAryAjtXvntQWBqh-ixFEYQGQ\/s2048\/entrega+avais+ReC.jpg\" height=\"640\" width=\"480\" \/><\/a><\/p>\n<\/p>\n<p><a href=\"https:\/\/blogger.googleusercontent.com\/img\/b\/R29vZ2xl\/AVvXsEi0bwSOdhDihkX3wEzNvLqnqO-1REjGHU45GYdCveWggU-2NfbtDJ_AUFkYqCsqaQLmaQJZjEyoXTCBx_KU-fo3Fl29lHeU-768GiajoU2v4faBK8RW8Iu_dIpfr2HKosXuPzwhTQ\/s2048\/entrega+avais+ReC+Marqu%C3%A9s.jpg\" imageanchor=\"1\" style=\"margin-left: 1em; margin-right: 1em;\"><img decoding=\"async\" src=\"https:\/\/blogger.googleusercontent.com\/img\/b\/R29vZ2xl\/AVvXsEi0bwSOdhDihkX3wEzNvLqnqO-1REjGHU45GYdCveWggU-2NfbtDJ_AUFkYqCsqaQLmaQJZjEyoXTCBx_KU-fo3Fl29lHeU-768GiajoU2v4faBK8RW8Iu_dIpfr2HKosXuPzwhTQ\/s2048\/entrega+avais+ReC+Marqu%C3%A9s.jpg\" \/><\/a><\/p>\n<p>Ser\u00e1 unha casualidade que hoxe sexa 14 de abril?<\/p>\n","protected":false},"excerpt":{"rendered":"<p>Copio do facebook: Hoxe Ribadeo en Com\u00fan deu un grande paso cara ao obxectivo de presentarse como Agrupaci\u00f3n de Electores nas elecci\u00f3ns municipais de maio, ao entregar no rexistro at\u00e9 580 avais de persoas empadroadas en Ribadeo. Este logro reflicte o interese de boa parte da veci\u00f1anza en que apareza unha nova forza -aberta e [&hellip;]<\/p>\n","protected":false},"author":3,"featured_media":0,"comment_status":"open","ping_status":"closed","sticky":false,"template":"","format":"standard","meta":{"activitypub_content_warning":"","activitypub_content_visibility":"","activitypub_max_image_attachments":3,"activitypub_interaction_policy_quote":"anyone","activitypub_status":"federated","footnotes":""},"categories":[1],"tags":[132,135],"class_list":["post-6574","post","type-post","status-publish","format-standard","hentry","category-sen-categoria","tag-eleccions-municipais-2015","tag-rec"],"_links":{"self":[{"href":"https:\/\/blogs.amarinha.gal\/ribadeando\/wp-json\/wp\/v2\/posts\/6574","targetHints":{"allow":["GET"]}}],"collection":[{"href":"https:\/\/blogs.amarinha.gal\/ribadeando\/wp-json\/wp\/v2\/posts"}],"about":[{"href":"https:\/\/blogs.amarinha.gal\/ribadeando\/wp-json\/wp\/v2\/types\/post"}],"author":[{"embeddable":true,"href":"https:\/\/blogs.amarinha.gal\/ribadeando\/wp-json\/wp\/v2\/users\/3"}],"replies":[{"embeddable":true,"href":"https:\/\/blogs.amarinha.gal\/ribadeando\/wp-json\/wp\/v2\/comments?post=6574"}],"version-history":[{"count":0,"href":"https:\/\/blogs.amarinha.gal\/ribadeando\/wp-json\/wp\/v2\/posts\/6574\/revisions"}],"wp:attachment":[{"href":"https:\/\/blogs.amarinha.gal\/ribadeando\/wp-json\/wp\/v2\/media?parent=6574"}],"wp:term":[{"taxonomy":"category","embeddable":true,"href":"https:\/\/blogs.amarinha.gal\/ribadeando\/wp-json\/wp\/v2\/categories?post=6574"},{"taxonomy":"post_tag","embeddable":true,"href":"https:\/\/blogs.amarinha.gal\/ribadeando\/wp-json\/wp\/v2\/tags?post=6574"}],"curies":[{"name":"wp","href":"https:\/\/api.w.org\/{rel}","templated":true}]}}