{"id":6572,"date":"2015-04-16T08:12:00","date_gmt":"2015-04-16T06:12:00","guid":{"rendered":""},"modified":"2024-11-12T14:01:52","modified_gmt":"2024-11-12T13:01:52","slug":"nota-de-prensa-mais-de-500-ribadenses","status":"publish","type":"post","link":"https:\/\/blogs.amarinha.gal\/ribadeando\/2015\/04\/16\/nota-de-prensa-mais-de-500-ribadenses\/","title":{"rendered":"Nota de prensa: MAIS DE 500 RIBADENSES AVALAN A &#8220;RIBADEO EN COM\u00daN&#8221;"},"content":{"rendered":"<p>MAIS DE 500 RIBADENSES AVALAN A &#8220;RIBADEO EN COM\u00daN&#8221;<\/p>\n<p>Hoxe m\u00e9rcores 15 de abril, cinco d\u00edas antes de esgotar o prazo para a presentaci\u00f3n de avais ante a xunta electoral de zona, a plataforma veci\u00f1al Ribadeo en Com\u00fan recibiu notificaci\u00f3n, por parte da secretar\u00eda municipal, que o requisito de verificaci\u00f3n das 500 sinaturas estaba cuberto.<\/p>\n<p>Queremos agradecer a toda a veci\u00f1anza que independentemente das s\u00faas opci\u00f3ns pol\u00edticas amosou o seu talante democr\u00e1tico avalando a nosa alternativa, a oportunidade que nos est\u00e1 a ofrecer para presentar  nas elecci\u00f3ns municipais deste ano  unha candidatura formada por veci\u00f1as e veci\u00f1os do com\u00fan,  lonxe das tutelas de partidos pol\u00edticos.<\/p>\n<p>A iniciativa impulsada desde a plataforma &#8220;ReC&#8221; est\u00e1 inmersa nun proceso de ruptura democratica que xa est\u00e1 a coller forza tam\u00e9n no resto do estado, e que ten como obxetivo primeiro recuperar as instituci\u00f3ns p\u00fablicas para \u00e1 propia veci\u00f1anza mediante  un modelo participativo e unha xesti\u00f3n transparente.<\/p>\n<p>As\u00ed mesmo, gustar\u00edanos recordar que ainda temos aberto o proceso de elecci\u00f3ns primarias onde, todas aquelas persoas que estando empadroadas en Ribadeo , te\u00f1an asinado o manifesto da plataforma ou cuberto o tr\u00edptico pre-aval antes do 1 de abril (data de apertura do prazo para inscribirse como candidata), poden exercer o seu dereito a escoller entre as veci\u00f1as e veci\u00f1os que ir\u00e1n na lista de Rec.<\/p>\n<p>As mesas electorais estar\u00e1n abertas en Clip Graf (r\u00faa San Francisco n\u00ba 8) de 12:00 a 14:00 e de 19:00a 21:00  ma\u00f1\u00e1 xoves, e de 12:00 a 14:00 o venres.<\/p>\n<p><a href=\"https:\/\/blogger.googleusercontent.com\/img\/b\/R29vZ2xl\/AVvXsEgqjppO3xKtveTyK5-vGz6cWixG8xBpwMeDCz24VMsS3su8jwraSTvGbOeGFablx6wW8Hym7418iljOqGAE9iKiirAD_cw1Ap6MIZ-tYXBCoKX42UpV4K-4eWd7k1_JIWA8PwoJjQ\/s2048\/IMG-20150414-WA0016.jpg\" imageanchor=\"1\" style=\"margin-left: 1em; margin-right: 1em;\"><img loading=\"lazy\" decoding=\"async\" src=\"https:\/\/blogger.googleusercontent.com\/img\/b\/R29vZ2xl\/AVvXsEgqjppO3xKtveTyK5-vGz6cWixG8xBpwMeDCz24VMsS3su8jwraSTvGbOeGFablx6wW8Hym7418iljOqGAE9iKiirAD_cw1Ap6MIZ-tYXBCoKX42UpV4K-4eWd7k1_JIWA8PwoJjQ\/s2048\/IMG-20150414-WA0016.jpg\" height=\"640\" width=\"404\" \/><\/a><\/p>\n<p><a href=\"https:\/\/blogger.googleusercontent.com\/img\/b\/R29vZ2xl\/AVvXsEjoIA2iitk2abq99vzjGobG9LtsQd6g0xTxjw99BWxwvsEkJcSiVoEKq-AeXBPUFEa9Zh5JtAGA49Y5NGTwqjYzE-1jfz-8Of6AssFtdngxE4k1id5e62cLe_NO5raZiplr3ygv8Q\/s2048\/IMG-20150414-WA0019.jpg\" imageanchor=\"1\" style=\"margin-left: 1em; margin-right: 1em;\"><img loading=\"lazy\" decoding=\"async\" src=\"https:\/\/blogger.googleusercontent.com\/img\/b\/R29vZ2xl\/AVvXsEjoIA2iitk2abq99vzjGobG9LtsQd6g0xTxjw99BWxwvsEkJcSiVoEKq-AeXBPUFEa9Zh5JtAGA49Y5NGTwqjYzE-1jfz-8Of6AssFtdngxE4k1id5e62cLe_NO5raZiplr3ygv8Q\/s2048\/IMG-20150414-WA0019.jpg\" height=\"360\" width=\"640\" \/><\/a><\/p>\n","protected":false},"excerpt":{"rendered":"<p>MAIS DE 500 RIBADENSES AVALAN A &#8220;RIBADEO EN COM\u00daN&#8221; Hoxe m\u00e9rcores 15 de abril, cinco d\u00edas antes de esgotar o prazo para a presentaci\u00f3n de avais ante a xunta electoral de zona, a plataforma veci\u00f1al Ribadeo en Com\u00fan recibiu notificaci\u00f3n, por parte da secretar\u00eda municipal, que o requisito de verificaci\u00f3n das 500 sinaturas estaba cuberto. [&hellip;]<\/p>\n","protected":false},"author":3,"featured_media":0,"comment_status":"open","ping_status":"closed","sticky":false,"template":"","format":"standard","meta":{"activitypub_content_warning":"","activitypub_content_visibility":"","activitypub_max_image_attachments":3,"activitypub_interaction_policy_quote":"anyone","activitypub_status":"federated","footnotes":""},"categories":[1],"tags":[132,135],"class_list":["post-6572","post","type-post","status-publish","format-standard","hentry","category-sen-categoria","tag-eleccions-municipais-2015","tag-rec"],"_links":{"self":[{"href":"https:\/\/blogs.amarinha.gal\/ribadeando\/wp-json\/wp\/v2\/posts\/6572","targetHints":{"allow":["GET"]}}],"collection":[{"href":"https:\/\/blogs.amarinha.gal\/ribadeando\/wp-json\/wp\/v2\/posts"}],"about":[{"href":"https:\/\/blogs.amarinha.gal\/ribadeando\/wp-json\/wp\/v2\/types\/post"}],"author":[{"embeddable":true,"href":"https:\/\/blogs.amarinha.gal\/ribadeando\/wp-json\/wp\/v2\/users\/3"}],"replies":[{"embeddable":true,"href":"https:\/\/blogs.amarinha.gal\/ribadeando\/wp-json\/wp\/v2\/comments?post=6572"}],"version-history":[{"count":0,"href":"https:\/\/blogs.amarinha.gal\/ribadeando\/wp-json\/wp\/v2\/posts\/6572\/revisions"}],"wp:attachment":[{"href":"https:\/\/blogs.amarinha.gal\/ribadeando\/wp-json\/wp\/v2\/media?parent=6572"}],"wp:term":[{"taxonomy":"category","embeddable":true,"href":"https:\/\/blogs.amarinha.gal\/ribadeando\/wp-json\/wp\/v2\/categories?post=6572"},{"taxonomy":"post_tag","embeddable":true,"href":"https:\/\/blogs.amarinha.gal\/ribadeando\/wp-json\/wp\/v2\/tags?post=6572"}],"curies":[{"name":"wp","href":"https:\/\/api.w.org\/{rel}","templated":true}]}}